{"id":26175,"date":"2020-03-26T12:27:18","date_gmt":"2020-03-26T11:27:18","guid":{"rendered":"https:\/\/blogs.fu-berlin.de\/bibliotheken\/?p=26175"},"modified":"2020-03-26T12:27:18","modified_gmt":"2020-03-26T11:27:18","slug":"citavi-campuslizenz-bis-30-04-2022-verlaengert","status":"publish","type":"post","link":"https:\/\/blogs.fu-berlin.de\/bibliotheken\/2020\/03\/26\/citavi-campuslizenz-bis-30-04-2022-verlaengert\/","title":{"rendered":"Citavi-Campuslizenz bis 30.04.2022 verl\u00e4ngert"},"content":{"rendered":"<p><img loading=\"lazy\" decoding=\"async\" class=\"alignright size-full wp-image-26177\" src=\"https:\/\/blogs.fu-berlin.de\/bibliotheken\/files\/2020\/03\/citavi.gif\" alt=\"\" width=\"200\" height=\"91\" \/>Die Universit\u00e4tsbibliothek bietet zusammen mit der ZEDAT seit dem Sommersemester 2010 Lizenzen f\u00fcr zwei Literaturverwaltungsprogramme, Citavi und EndNote, an.<\/p>\n<p>Die Campuslizenz f\u00fcr Citavi ist jetzt bis zum 30.04.2022 verl\u00e4ngert worden.<\/p>\n<p>Weitere Infos zu den Literaturverwaltungsprogrammen finden Sie auf unserer <a href=\"https:\/\/www.fu-berlin.de\/sites\/ub\/literatursuche\/literaturverwaltung\/index.html\" rel=\"noopener\" target=\"_blank\">Website<\/a>.<\/p>\n<p>Da unsere <a href=\"https:\/\/www.fu-berlin.de\/sites\/ub\/lernangebote\/index.html\" rel=\"noopener\" target=\"_blank\">Semesterkurse<\/a> wahrscheinlich im kommenden Sommersemester nicht als Pr\u00e4senzkurse durchgef\u00fchrt werden k\u00f6nnen, bieten wir vorab schon mal alternativ verschiedene <a href=\"https:\/\/www.fu-berlin.de\/sites\/ub\/lernangebote\/e_learning\/index.html\" rel=\"noopener\" target=\"_blank\">Tutorials<\/a> zu den Literaturverwaltungsprogrammen an (Angebot ist noch im Aufbau).<\/p>\n","protected":false},"excerpt":{"rendered":"<p>Die Universit\u00e4tsbibliothek bietet zusammen mit der ZEDAT seit dem Sommersemester 2010 Lizenzen f\u00fcr zwei Literaturverwaltungsprogramme, Citavi und EndNote, an. Die Campuslizenz f\u00fcr Citavi ist jetzt bis zum 30.04.2022 verl\u00e4ngert worden. Weitere Infos zu den Literaturverwaltungsprogrammen finden Sie auf unserer Website. Da unsere Semesterkurse wahrscheinlich im kommenden Sommersemester nicht als Pr\u00e4senzkurse durchgef\u00fchrt werden k\u00f6nnen, bieten wir &hellip; <a href=\"https:\/\/blogs.fu-berlin.de\/bibliotheken\/2020\/03\/26\/citavi-campuslizenz-bis-30-04-2022-verlaengert\/\" class=\"more-link\"><span class=\"screen-reader-text\">\u201eCitavi-Campuslizenz bis 30.04.2022 verl\u00e4ngert\u201c<\/span> weiterlesen<\/a><\/p>\n","protected":false},"author":266,"featured_media":0,"comment_status":"open","ping_status":"open","sticky":false,"template":"","format":"standard","meta":{"footnotes":""},"categories":[9,491,601],"tags":[1560,2015],"class_list":["post-26175","post","type-post","status-publish","format-standard","hentry","category-allgemein","category-lernangebote-kurse","category-universitatsbibliothek","tag-citavi","tag-literaturverwaltungsprogramm"],"_links":{"self":[{"href":"https:\/\/blogs.fu-berlin.de\/bibliotheken\/wp-json\/wp\/v2\/posts\/26175","targetHints":{"allow":["GET"]}}],"collection":[{"href":"https:\/\/blogs.fu-berlin.de\/bibliotheken\/wp-json\/wp\/v2\/posts"}],"about":[{"href":"https:\/\/blogs.fu-berlin.de\/bibliotheken\/wp-json\/wp\/v2\/types\/post"}],"author":[{"embeddable":true,"href":"https:\/\/blogs.fu-berlin.de\/bibliotheken\/wp-json\/wp\/v2\/users\/266"}],"replies":[{"embeddable":true,"href":"https:\/\/blogs.fu-berlin.de\/bibliotheken\/wp-json\/wp\/v2\/comments?post=26175"}],"version-history":[{"count":7,"href":"https:\/\/blogs.fu-berlin.de\/bibliotheken\/wp-json\/wp\/v2\/posts\/26175\/revisions"}],"predecessor-version":[{"id":26183,"href":"https:\/\/blogs.fu-berlin.de\/bibliotheken\/wp-json\/wp\/v2\/posts\/26175\/revisions\/26183"}],"wp:attachment":[{"href":"https:\/\/blogs.fu-berlin.de\/bibliotheken\/wp-json\/wp\/v2\/media?parent=26175"}],"wp:term":[{"taxonomy":"category","embeddable":true,"href":"https:\/\/blogs.fu-berlin.de\/bibliotheken\/wp-json\/wp\/v2\/categories?post=26175"},{"taxonomy":"post_tag","embeddable":true,"href":"https:\/\/blogs.fu-berlin.de\/bibliotheken\/wp-json\/wp\/v2\/tags?post=26175"}],"curies":[{"name":"wp","href":"https:\/\/api.w.org\/{rel}","templated":true}]}}