{"id":26449,"date":"2020-04-23T08:45:51","date_gmt":"2020-04-23T07:45:51","guid":{"rendered":"https:\/\/blogs.fu-berlin.de\/bibliotheken\/?p=26449"},"modified":"2021-09-13T12:59:57","modified_gmt":"2021-09-13T11:59:57","slug":"23-april-2020-unesco-welttag-des-buches","status":"publish","type":"post","link":"https:\/\/blogs.fu-berlin.de\/bibliotheken\/2020\/04\/23\/23-april-2020-unesco-welttag-des-buches\/","title":{"rendered":"23. April 2020: UNESCO-Welttag des Buches"},"content":{"rendered":"\n<p><em><span class=\"has-inline-color has-bright-red-color\">Der Betrieb des \u201eDokumentationszentrums UN \u2013 EU\u201c wird eingestellt. Die entsprechende Literatur bleibt im Bestand und ist weiterhin zug\u00e4nglich.<\/span><\/em><\/p>\n\n\n<figure id=\"attachment_26450\" aria-describedby=\"caption-attachment-26450\" style=\"width: 179px\" class=\"wp-caption alignright\"><img loading=\"lazy\" decoding=\"async\" class=\"wp-image-26450 size-medium\" src=\"https:\/\/blogs.fu-berlin.de\/bibliotheken\/files\/2020\/04\/WDB2020_Hauptlogo_orange-179x300.png\" alt=\"\" width=\"179\" height=\"300\" srcset=\"https:\/\/blogs.fu-berlin.de\/bibliotheken\/files\/2020\/04\/WDB2020_Hauptlogo_orange-179x300.png 179w, https:\/\/blogs.fu-berlin.de\/bibliotheken\/files\/2020\/04\/WDB2020_Hauptlogo_orange.png 1169w\" sizes=\"auto, (max-width: 179px) 85vw, 179px\" \/><figcaption id=\"caption-attachment-26450\" class=\"wp-caption-text\">Quelle: https:\/\/www.welttag-des-buches.de\/presse-downloads\/ Titel: WDB2020_Hauptlogo_orange.png<\/figcaption><\/figure>\n<p>1995 erkl\u00e4rte die UNESCO, inspiriert von dem katalanischen Brauch zum Namenstag des Volksheiligen St. Georg Rosen und B\u00fccher zu verschenken, den 23. April zum \u201eWelttag des Buches\u201c. Der weltweite Feiertag f\u00fcr das Lesen, f\u00fcr B\u00fccher und die Rechte der Autoren war geboren.<\/p>\n<p>\u201eB\u00fccher sind ein Tor zur Welt. Sie erm\u00f6glichen den Dialog zwischen unterschiedlichen Generationen und Kulturen. Das Lesen oder H\u00f6ren eines Buches hilft uns, andere Menschen \u00fcber kulturelle und geographische Grenzen hinweg zu verstehen. In einer Zeit zunehmender Verunsicherung und sich vertiefender Grenzziehungen ist diese F\u00e4higkeit wichtiger denn je. Sie ist zentral f\u00fcr die pers\u00f6nliche und gesellschaftliche Entwicklung\u201c, sagt <a href=\"https:\/\/www.unesco.de\/kultur-und-natur\/kulturelle-vielfalt\/kulturelle-vielfalt-deutschland\/23-april-unesco-welttag-des\">Dr. Roland Bernecker<\/a>, Generalsekret\u00e4r der Deutschen UNESCO-Kommission.<\/p>\n<p>Am 23. April 2020 ist es nun wieder so weit. In Deutschland werden Buchhandlungen, Verlage, Bibliotheken, Schulen und alle Lesebegeisterten den \u201e<a href=\"https:\/\/www.welttag-des-buches.de\/welttag-des-buches\/\">Welttag des Buches<\/a>\u201c begehen. Bereits zum 24. Mal verschenken Buchhandlungen rund um diesen Tag das Welttagsbuch \u201e<a href=\"https:\/\/www.welttag-des-buches.de\/ich-schenk-dir-eine-geschichte\/\">Ich schenk dir eine Geschichte<\/a>\u201c an eine Million Sch\u00fclerinnen und Sch\u00fcler. Unterst\u00fctzt wird diese Aktion von B\u00f6rsenverein, Stiftung Lesen, cbj Verlag, Deutsche Post, ZDF und avj.<\/p>\n<p><strong>So<\/strong>\u00a0der urspr\u00fcngliche Plan f\u00fcr den \u201eWelttag des Buches\u201c.<\/p>\n<p>Die Corona-Pandemie macht es erforderlich, den Welttag des Buches und all die Aktionen die im April geplant waren, zu verschieben. 2020 werden rund um den Weltkindertag im September (20.09.2020) verschiedene Aktionen, wie die Buch-Gutschein-Aktion \u201eIch schenk dir eine Geschichte\u201c, stattfinden.<\/p>\n<p>Wir werden \u00fcber geplante Aktionen im September berichten.<\/p>\n<p>Noch mehr Informationen zur UN bekommen Sie in unserem <a href=\"https:\/\/www.ub.fu-berlin.de\/bibliothek\/uneu\/\">Dokumentationszentrum UN-EU<\/a>.<\/p>","protected":false},"excerpt":{"rendered":"<p>Der Betrieb des \u201eDokumentationszentrums UN \u2013 EU\u201c wird eingestellt. Die entsprechende Literatur bleibt im Bestand und ist weiterhin zug\u00e4nglich. 1995 erkl\u00e4rte die UNESCO, inspiriert von dem katalanischen Brauch zum Namenstag des Volksheiligen St. Georg Rosen und B\u00fccher zu verschenken, den 23. April zum \u201eWelttag des Buches\u201c. Der weltweite Feiertag f\u00fcr das Lesen, f\u00fcr B\u00fccher und &hellip; <a href=\"https:\/\/blogs.fu-berlin.de\/bibliotheken\/2020\/04\/23\/23-april-2020-unesco-welttag-des-buches\/\" class=\"more-link\"><span class=\"screen-reader-text\">\u201e23. April 2020: UNESCO-Welttag des Buches\u201c<\/span> weiterlesen<\/a><\/p>\n","protected":false},"author":2907,"featured_media":0,"comment_status":"open","ping_status":"open","sticky":false,"template":"","format":"standard","meta":{"footnotes":""},"categories":[9,70],"tags":[2458,970,237857],"class_list":["post-26449","post","type-post","status-publish","format-standard","hentry","category-allgemein","category-veranstaltungen","tag-dokumentationszentrum-un-eu","tag-unesco","tag-welttag-des-buches-2020"],"_links":{"self":[{"href":"https:\/\/blogs.fu-berlin.de\/bibliotheken\/wp-json\/wp\/v2\/posts\/26449","targetHints":{"allow":["GET"]}}],"collection":[{"href":"https:\/\/blogs.fu-berlin.de\/bibliotheken\/wp-json\/wp\/v2\/posts"}],"about":[{"href":"https:\/\/blogs.fu-berlin.de\/bibliotheken\/wp-json\/wp\/v2\/types\/post"}],"author":[{"embeddable":true,"href":"https:\/\/blogs.fu-berlin.de\/bibliotheken\/wp-json\/wp\/v2\/users\/2907"}],"replies":[{"embeddable":true,"href":"https:\/\/blogs.fu-berlin.de\/bibliotheken\/wp-json\/wp\/v2\/comments?post=26449"}],"version-history":[{"count":6,"href":"https:\/\/blogs.fu-berlin.de\/bibliotheken\/wp-json\/wp\/v2\/posts\/26449\/revisions"}],"predecessor-version":[{"id":29099,"href":"https:\/\/blogs.fu-berlin.de\/bibliotheken\/wp-json\/wp\/v2\/posts\/26449\/revisions\/29099"}],"wp:attachment":[{"href":"https:\/\/blogs.fu-berlin.de\/bibliotheken\/wp-json\/wp\/v2\/media?parent=26449"}],"wp:term":[{"taxonomy":"category","embeddable":true,"href":"https:\/\/blogs.fu-berlin.de\/bibliotheken\/wp-json\/wp\/v2\/categories?post=26449"},{"taxonomy":"post_tag","embeddable":true,"href":"https:\/\/blogs.fu-berlin.de\/bibliotheken\/wp-json\/wp\/v2\/tags?post=26449"}],"curies":[{"name":"wp","href":"https:\/\/api.w.org\/{rel}","templated":true}]}}