{"id":2652,"date":"2009-09-07T13:08:38","date_gmt":"2009-09-07T12:08:38","guid":{"rendered":"https:\/\/blogs.fu-berlin.de\/bibliotheken\/?p=2652"},"modified":"2009-09-07T15:55:05","modified_gmt":"2009-09-07T14:55:05","slug":"ausstellung-farben-bereichern-unser-leben","status":"publish","type":"post","link":"https:\/\/blogs.fu-berlin.de\/bibliotheken\/2009\/09\/07\/ausstellung-farben-bereichern-unser-leben\/","title":{"rendered":"Ausstellung: Farben bereichern unser Leben"},"content":{"rendered":"<p><img loading=\"lazy\" decoding=\"async\" src=\"https:\/\/www.ub.fu-berlin.de\/image\/neue_homepage\/blog\/boernchen3.jpg\" width=\"200\" height=\"150\" align=\"right\" hspace=\"3\" vspace=\"3\">Dr. B\u00f6rnchen ist treuen UB-AusstellungsbesucherInnen bereits bekannt durch seine Ausstellungen: &#8222;Safran, eine alte Kulturpflanze&#8220; und &#8222;Handgesch\u00f6pftes Papier und worauf man sonst noch schrieb &#8230;&#8220;.<\/p>\n<p>Seine <a href=\"https:\/\/www.ub.fu-berlin.de\/service_neu\/ausstellung\/\">neue Ausstellung besch\u00e4ftigt sich mit tierischen und pflanzlichen Farbstoffen<\/a>. Wussten Sie, dass f\u00fcr 1 Gramm Purpur 10.000 Schnecken ihr Leben lassen mussten? Viel mehr kann man hier lernen &#8211; \u00fcber die F\u00e4rberdistel, L\u00e4use, Safran, Indigo &#8230;<\/p>\n<p>Und Dr. B\u00f6rnchen hat bei der Ausstellungser\u00f6ffnung am Montag, den 7. September (um 15 Uhr im Foyer der UB, Garystr. 39) auch wieder ein wenig experimentiert (s. Foto)!  <\/p>\n<p>Der Ausstellungskatalog mit vielen Illustrationen kostet w\u00e4hrend der Ausstellung 8,00 Euro, danach 10 Euro.<\/p>\n<p>Die Ausstellung kann bis zum 30.10.2009 von Mo &#8211; Fr von 9 &#8211; 20 Uhr im Foyer der Universit\u00e4tsbibliothek, Garystr. 39 besucht werden.<\/p>\n","protected":false},"excerpt":{"rendered":"<p>Dr. B\u00f6rnchen ist treuen UB-AusstellungsbesucherInnen bereits bekannt durch seine Ausstellungen: &#8222;Safran, eine alte Kulturpflanze&#8220; und &#8222;Handgesch\u00f6pftes Papier und worauf man sonst noch schrieb &#8230;&#8220;. Seine neue Ausstellung besch\u00e4ftigt sich mit tierischen und pflanzlichen Farbstoffen. Wussten Sie, dass f\u00fcr 1 Gramm Purpur 10.000 Schnecken ihr Leben lassen mussten? Viel mehr kann man hier lernen &#8211; \u00fcber &hellip; <a href=\"https:\/\/blogs.fu-berlin.de\/bibliotheken\/2009\/09\/07\/ausstellung-farben-bereichern-unser-leben\/\" class=\"more-link\"><span class=\"screen-reader-text\">\u201eAusstellung: Farben bereichern unser Leben\u201c<\/span> weiterlesen<\/a><\/p>\n","protected":false},"author":265,"featured_media":0,"comment_status":"open","ping_status":"open","sticky":false,"template":"","format":"standard","meta":{"footnotes":""},"categories":[9,601,70],"tags":[1036,1039],"class_list":["post-2652","post","type-post","status-publish","format-standard","hentry","category-allgemein","category-universitatsbibliothek","category-veranstaltungen","tag-ausstellung-farben-bereichern-unser-leben","tag-dr-boernchen"],"_links":{"self":[{"href":"https:\/\/blogs.fu-berlin.de\/bibliotheken\/wp-json\/wp\/v2\/posts\/2652","targetHints":{"allow":["GET"]}}],"collection":[{"href":"https:\/\/blogs.fu-berlin.de\/bibliotheken\/wp-json\/wp\/v2\/posts"}],"about":[{"href":"https:\/\/blogs.fu-berlin.de\/bibliotheken\/wp-json\/wp\/v2\/types\/post"}],"author":[{"embeddable":true,"href":"https:\/\/blogs.fu-berlin.de\/bibliotheken\/wp-json\/wp\/v2\/users\/265"}],"replies":[{"embeddable":true,"href":"https:\/\/blogs.fu-berlin.de\/bibliotheken\/wp-json\/wp\/v2\/comments?post=2652"}],"version-history":[{"count":16,"href":"https:\/\/blogs.fu-berlin.de\/bibliotheken\/wp-json\/wp\/v2\/posts\/2652\/revisions"}],"predecessor-version":[{"id":2682,"href":"https:\/\/blogs.fu-berlin.de\/bibliotheken\/wp-json\/wp\/v2\/posts\/2652\/revisions\/2682"}],"wp:attachment":[{"href":"https:\/\/blogs.fu-berlin.de\/bibliotheken\/wp-json\/wp\/v2\/media?parent=2652"}],"wp:term":[{"taxonomy":"category","embeddable":true,"href":"https:\/\/blogs.fu-berlin.de\/bibliotheken\/wp-json\/wp\/v2\/categories?post=2652"},{"taxonomy":"post_tag","embeddable":true,"href":"https:\/\/blogs.fu-berlin.de\/bibliotheken\/wp-json\/wp\/v2\/tags?post=2652"}],"curies":[{"name":"wp","href":"https:\/\/api.w.org\/{rel}","templated":true}]}}