{"id":26741,"date":"2020-05-15T12:30:57","date_gmt":"2020-05-15T11:30:57","guid":{"rendered":"https:\/\/blogs.fu-berlin.de\/bibliotheken\/?p=26741"},"modified":"2021-09-17T13:10:31","modified_gmt":"2021-09-17T12:10:31","slug":"veranstaltungshinweis-15-05-2020-live-chat-mit-helena-dalli-eu-kommissarin-fuer-gleichstellung","status":"publish","type":"post","link":"https:\/\/blogs.fu-berlin.de\/bibliotheken\/2020\/05\/15\/veranstaltungshinweis-15-05-2020-live-chat-mit-helena-dalli-eu-kommissarin-fuer-gleichstellung\/","title":{"rendered":"Veranstaltungshinweis: 15.05.2020 &#8211; Live-Chat mit Helena Dalli, EU-Kommissarin f\u00fcr Gleichstellung"},"content":{"rendered":"\n<p><em><span class=\"has-inline-color has-bright-red-color\">Der Betrieb des \u201eDokumentationszentrums UN \u2013 EU\u201c wird eingestellt. Die entsprechende Literatur bleibt im Bestand und ist weiterhin zug\u00e4nglich.<\/span><\/em><\/p>\n\n\n<div class=\"_rp_l\" role=\"heading\">\n<div>\n<p><figure id=\"attachment_26747\" aria-describedby=\"caption-attachment-26747\" style=\"width: 257px\" class=\"wp-caption alignright\"><img loading=\"lazy\" decoding=\"async\" class=\" wp-image-26747\" src=\"https:\/\/blogs.fu-berlin.de\/bibliotheken\/files\/2020\/05\/europe-flag-4426286_1280-300x284.jpg\" alt=\"\" width=\"257\" height=\"243\" srcset=\"https:\/\/blogs.fu-berlin.de\/bibliotheken\/files\/2020\/05\/europe-flag-4426286_1280-300x284.jpg 300w, https:\/\/blogs.fu-berlin.de\/bibliotheken\/files\/2020\/05\/europe-flag-4426286_1280-1200x1137.jpg 1200w, https:\/\/blogs.fu-berlin.de\/bibliotheken\/files\/2020\/05\/europe-flag-4426286_1280.jpg 1280w\" sizes=\"auto, (max-width: 257px) 85vw, 257px\" \/><figcaption id=\"caption-attachment-26747\" class=\"wp-caption-text\">Quelle: Bild von SatyaPrem auf Pixabay<\/figcaption><\/figure><\/p>\n<p>Am heutigen Freitag gibt es ab 17:00 Uhr die M\u00f6glichkeit an einem&nbsp;<span class=\"rpHighlightAllClass rpHighlightSubjectClass\" title=\"\" role=\"heading\">Live-Chat mit der EU-Kommissarin f\u00fcr Gleichstellung, <a href=\"https:\/\/ec.europa.eu\/commission\/commissioners\/2019-2024\/dalli_en\">Helena Dalli<\/a>, teilzunehmen.&nbsp;<\/span><\/p>\n<\/div>\n<div>Thema des Livechat:&nbsp;<em>\u201e<\/em>LGBTI und Gleichstellung in der Corona-Pandemie<em>\u201c<\/em><\/div>\n<div>Helena Dalli beantwortet Fragen zum Schutz der Schwulen, Lesben, Bisexuellen und Transgender in der EU. Wie k\u00f6nnen sie besser gesch\u00fctzt und ihre Rechte, so wie in den EU-Vertr\u00e4gen verankert, EU-weit sichergestellt werden?<\/div>\n<\/div>\n<div><\/div>\n<div><a href=\"https:\/\/audiovisual.ec.europa.eu\/en\/ebs\/1\/20200515\">Hier<\/a> k\u00f6nnen Sie den Live-Chat auf Deutsch verfolgen.<\/div>\n<div role=\"list\">\n<div>\n<div>\n<div class=\"_rp_f5\">\n<div class=\"_rp_R4 ms-border-color-neutralLight ShowConsesusSchedulingLink ShowReferenceAttachmentsLinks\">\n<div><\/div>\n<div class=\"_rp_S4\">\n<div class=\"_rp_o1\">\n<div class=\"_rp_45\">\n<div role=\"document\">\n<div id=\"Item.MessagePartBody\" class=\"_rp_T4\">\n<div id=\"Item.MessageUniqueBody\" class=\"_rp_U4 ms-font-weight-regular ms-font-color-neutralDark rpHighlightAllClass rpHighlightBodyClass\">\n<div class=\"rps_d33d\">\n<div lang=\"DE\">\n<div class=\"x_WordSection1\">\n<p><a href=\"https:\/\/www.facebook.com\/EUJustice\">Hier<\/a> k\u00f6nnen Sie schon jetzt im Livestream der Generaldirektion Justiz (GD JUST) Fragen stellen.<\/p>\n<p><a href=\"https:\/\/www.facebook.com\/events\/175187917120015\/\" target=\"_blank\" rel=\"noopener noreferrer\">Hier<\/a> k\u00f6nnen Sie sich auch aktiv am Dialog mit der Kommissarin beteiligen.<\/p>\n<p>Noch mehr Informationen zur EU bekommen Sie in unserem&nbsp;<a href=\"https:\/\/www.ub.fu-berlin.de\/bibliothek\/uneu\/\">Dokumentationszentrum UN-EU<\/a>.<\/p>\n<p class=\"x_MsoNormal\">\n<\/p><\/div>\n<\/div>\n<\/div>\n<\/div>\n<\/div>\n<\/div>\n<\/div>\n<\/div>\n<\/div>\n<\/div>\n<\/div>\n<\/div>\n<\/div>\n<\/div>","protected":false},"excerpt":{"rendered":"<p>Der Betrieb des \u201eDokumentationszentrums UN \u2013 EU\u201c wird eingestellt. Die entsprechende Literatur bleibt im Bestand und ist weiterhin zug\u00e4nglich. Am heutigen Freitag gibt es ab 17:00 Uhr die M\u00f6glichkeit an einem&nbsp;Live-Chat mit der EU-Kommissarin f\u00fcr Gleichstellung, Helena Dalli, teilzunehmen.&nbsp; Thema des Livechat:&nbsp;\u201eLGBTI und Gleichstellung in der Corona-Pandemie\u201c Helena Dalli beantwortet Fragen zum Schutz der Schwulen, &hellip; <a href=\"https:\/\/blogs.fu-berlin.de\/bibliotheken\/2020\/05\/15\/veranstaltungshinweis-15-05-2020-live-chat-mit-helena-dalli-eu-kommissarin-fuer-gleichstellung\/\" class=\"more-link\"><span class=\"screen-reader-text\">\u201eVeranstaltungshinweis: 15.05.2020 &#8211; Live-Chat mit Helena Dalli, EU-Kommissarin f\u00fcr Gleichstellung\u201c<\/span> weiterlesen<\/a><\/p>\n","protected":false},"author":2907,"featured_media":0,"comment_status":"open","ping_status":"open","sticky":false,"template":"","format":"standard","meta":{"footnotes":""},"categories":[70],"tags":[2458,237896,237895],"class_list":["post-26741","post","type-post","status-publish","format-standard","hentry","category-veranstaltungen","tag-dokumentationszentrum-un-eu","tag-eu-kommissarin-fuer-gleichstellung","tag-live-chat"],"_links":{"self":[{"href":"https:\/\/blogs.fu-berlin.de\/bibliotheken\/wp-json\/wp\/v2\/posts\/26741","targetHints":{"allow":["GET"]}}],"collection":[{"href":"https:\/\/blogs.fu-berlin.de\/bibliotheken\/wp-json\/wp\/v2\/posts"}],"about":[{"href":"https:\/\/blogs.fu-berlin.de\/bibliotheken\/wp-json\/wp\/v2\/types\/post"}],"author":[{"embeddable":true,"href":"https:\/\/blogs.fu-berlin.de\/bibliotheken\/wp-json\/wp\/v2\/users\/2907"}],"replies":[{"embeddable":true,"href":"https:\/\/blogs.fu-berlin.de\/bibliotheken\/wp-json\/wp\/v2\/comments?post=26741"}],"version-history":[{"count":9,"href":"https:\/\/blogs.fu-berlin.de\/bibliotheken\/wp-json\/wp\/v2\/posts\/26741\/revisions"}],"predecessor-version":[{"id":29760,"href":"https:\/\/blogs.fu-berlin.de\/bibliotheken\/wp-json\/wp\/v2\/posts\/26741\/revisions\/29760"}],"wp:attachment":[{"href":"https:\/\/blogs.fu-berlin.de\/bibliotheken\/wp-json\/wp\/v2\/media?parent=26741"}],"wp:term":[{"taxonomy":"category","embeddable":true,"href":"https:\/\/blogs.fu-berlin.de\/bibliotheken\/wp-json\/wp\/v2\/categories?post=26741"},{"taxonomy":"post_tag","embeddable":true,"href":"https:\/\/blogs.fu-berlin.de\/bibliotheken\/wp-json\/wp\/v2\/tags?post=26741"}],"curies":[{"name":"wp","href":"https:\/\/api.w.org\/{rel}","templated":true}]}}