{"id":26810,"date":"2020-05-26T01:30:40","date_gmt":"2020-05-26T00:30:40","guid":{"rendered":"https:\/\/blogs.fu-berlin.de\/bibliotheken\/?p=26810"},"modified":"2020-05-26T08:38:10","modified_gmt":"2020-05-26T07:38:10","slug":"virtuelle-konferenz-vbib20-vom-26-28-mai-2020","status":"publish","type":"post","link":"https:\/\/blogs.fu-berlin.de\/bibliotheken\/2020\/05\/26\/virtuelle-konferenz-vbib20-vom-26-28-mai-2020\/","title":{"rendered":"Virtuelle Konferenz #vBIB20 vom 26.-28. Mai 2020"},"content":{"rendered":"<p><a href=\"https:\/\/events.tib.eu\/vbib20\/\"><img loading=\"lazy\" decoding=\"async\" class=\"alignright wp-image-26815\" src=\"https:\/\/blogs.fu-berlin.de\/bibliotheken\/files\/2020\/05\/Logo_vBIB20_CMYK_300dpi_JPG-300x112.jpg\" alt=\"\" width=\"200\" height=\"75\" srcset=\"https:\/\/blogs.fu-berlin.de\/bibliotheken\/files\/2020\/05\/Logo_vBIB20_CMYK_300dpi_JPG-300x112.jpg 300w, https:\/\/blogs.fu-berlin.de\/bibliotheken\/files\/2020\/05\/Logo_vBIB20_CMYK_300dpi_JPG.jpg 413w\" sizes=\"auto, (max-width: 200px) 85vw, 200px\" \/><\/a>Normalerweise wird mit dem Deutschen Bibliothekartag jedes Jahr Europas gr\u00f6\u00dfter Fachkongress zu bibliothekarischen Themen abgehalten. 2020 sollte die <a href=\"https:\/\/bibliothekartag2020.de\/\">109. Auflage<\/a> urspr\u00fcnglich Ende Mai mit rund 4000 internationalen Teilnehmenden und vielen Ausstellern aus der Informationsbranche in Hannover stattfinden. Doch wie so viele Gro\u00dfveranstaltungen zuvor, wurde auch der Bibliothekartag im Zeichen der COVID-19-Pandemie abgesagt &#8211; erstmals seit den beiden Weltkriegen! Dennoch konnte mit viel Engangement und Experimentierfreude vom <em>Berufsverband Information Bibliothek<\/em> (BIB) und dem <em>TIB \u2013 Leibniz-Informationszentrum Technik und Naturwissenschaften und Universit\u00e4tsbibliothek<\/em> innerhalb von 6 Wochen eine Ersatzveranstaltung auf die Beine gestellt werden \u2013 #vBIB20 (<a href=\"https:\/\/events.tib.eu\/vbib20\/\">https:\/\/events.tib.eu\/vbib20\/<\/a>).<\/p>\n<p>Die virtuelle Konferenz rund um bibliothekarische Themen pr\u00e4sentiert ab Dienstag \u00fcber drei Tage hinweg mehr als 100 klassische Vortr\u00e4ge, aber auch sogenannte Sessions mit mehreren Diskussionsteilnehmenden sowie Diskussionsrunden. Auf dem Programm stehen Themen der \u00f6ffentlichen und wissenschaftlichen Bibliothek, darunter Diversit\u00e4t, Forschungsdaten, Fort- und Weiterbildung, Informationskompetenz, K\u00fcnstliche Intelligenz, Makerspace, Open Access, Provenienzforschung und weitere rechtliche Themen sowie Social Media oder Statistik (s. <a href=\"https:\/\/events.tib.eu\/vbib20\/programm\/\">offizielles Programm<\/a>). Viele der im Rahmen von #vBIB20 gehaltenen Vortr\u00e4ge und Sessions sollen sp\u00e4ter im <a href=\"http:\/\/av.tib.eu\">TIB AV-Portal<\/a> zu Verf\u00fcgung gestellt werden.<\/p>\n<p>Auch einige Kolleginnen und Kollegen des FU-Bibliothekssystems sind mit Vortr\u00e4gen am Start:<\/p>\n<table>\n<tbody>\n<tr>\n<td width=\"151\"><strong>Wann?<\/strong><\/td>\n<td width=\"160\"><strong>Thema<\/strong><\/td>\n<td width=\"155\"><strong>Vortragende<\/strong><\/td>\n<\/tr>\n<tr>\n<td width=\"151\">Dienstag, 26. Mai<br \/>\n12:30-12:55 Uhr<br \/>\n(Raum 1)<\/td>\n<td width=\"160\"><a href=\"https:\/\/events.tib.eu\/vbib20\/programm\/detail\/als-embedded-librarian-im-bibliotheksreferendariat-ein-projektbericht-1\/\">Als \u201eEmbedded Librarian\u201c im Bibliotheksreferendariat &#8211; ein Projektbericht<\/a> (als Bestandteil der Session \u201eStudiengang und Berufspraxis\u201c)<\/td>\n<td width=\"155\"><a href=\"https:\/\/www.fu-berlin.de\/sites\/campusbib\/Ansprechpartner\/Wagner-Cosima\/index.html\">Cosima Wagner<\/a><br \/>\n(Campusbibliothek)<\/td>\n<\/tr>\n<tr>\n<td width=\"151\">Donnerstag, 28. Mai<br \/>\n12:30-13:15 Uhr<br \/>\n(Raum 1)<\/td>\n<td width=\"160\"><a href=\"https:\/\/events.tib.eu\/vbib20\/programm\/detail\/innovationsforum-2020-vorstellung-der-preistraeger\/\">b.i.t.-online Innovationspreis 2020<\/a><\/td>\n<td width=\"155\"><a href=\"https:\/\/www.fu-berlin.de\/sites\/philbib\/05Ueber-uns\/kontakt\/bibliotheksteam\/geschaeftsgangsabteilung\/Wagner-Janet.html\">Janet Wagner<\/a> (Philologische Bibliothek), als eine von drei Preistr\u00e4ger*innen f\u00fcr ihre Bachelorarbeit \u201eBewegung f\u00f6rdert Lernen\u201c (FH Potsdam)<\/td>\n<\/tr>\n<tr>\n<td width=\"151\">Donnerstag, 28. Mai<br \/>\n13:20-13:45 Uhr<br \/>\n(Raum 1)<\/td>\n<td width=\"160\"><a href=\"https:\/\/events.tib.eu\/vbib20\/programm\/detail\/organisationsentwicklung\/\">Wir gestalten Wissensr\u00e4ume: Strategie-Entwicklung an der Freie Universit\u00e4t Berlin<\/a><\/td>\n<td width=\"155\"><a href=\"https:\/\/www.fu-berlin.de\/sites\/ub\/ueber-uns\/wiss_dienst\/wiss_dienst_personen\/lee\/index.html\">Martin Lee<\/a>,<br \/>\n<a href=\"https:\/\/www.fu-berlin.de\/sites\/ub\/ueber-uns\/wiss_dienst\/wiss_dienst_personen\/riesenweber\/index.html\">Christina Riesenweber<\/a> (Universit\u00e4tsbibliothek)<\/td>\n<\/tr>\n<\/tbody>\n<\/table>\n<p>Die Veranstaltungen laufen parallel in drei virtuellen R\u00e4umen, an denen bis zu 3000 Personen gleichzeitig teilnehmen k\u00f6nnen, wobei nur Moderatoren und Vortragende \u00fcber Webcam- und Mikrofonfreigaben verf\u00fcgen. Frage- und Antwortrunden sollen am Ende eines Vortrags m\u00f6glich sein. Dar\u00fcber hinaus soll es unmoderierte <a href=\"https:\/\/meet.jit.si\/\">Jitsi<\/a>-R\u00e4ume (nutzbar via Google Chrome) geben, um sich ungezwungenen miteinander austauschen zu k\u00f6nnen.<\/p>\n<p>Die Macher vom #vBIB20 <a href=\"https:\/\/twitter.com\/vbib20\">twittern<\/a> von einem \u201eExperiment\u201c \u2013 die Teilnahme ist komplett kostenlos, auch eine Anmeldung ist nicht erforderlich. Einzig die Nutzungsbedingungen des Webinarsoftware-Anbieters m\u00fcssen akzeptiert sowie Name und E-Mail-Adresse angegeben werden (siehe auch die <a href=\"https:\/\/events.tib.eu\/vbib20\/faq\/#650\">technischen Hinweise<\/a>). Die angegebenen Daten werden laut den Veranstaltern nach Beendigung der Konferenz gel\u00f6scht.<\/p>\n<p>Man darf gespannt sein, wie das neue Format angenommen wird und ob Elemente davon evtl. f\u00fcr den n\u00e4chsten Bibliothekartag vom 15.-18. Juni 2021 in Bremen Anwendung finden, der hoffentlich nicht ausfallen wird. Und auch f\u00fcr interessierte Au\u00dfenstehende ist es DIE M\u00f6glichkeit, facettenreiche bibliothekarischen Themen f\u00fcr sich zu entdecken \ud83d\ude09 &#8230;<\/p>\n","protected":false},"excerpt":{"rendered":"<p>Normalerweise wird mit dem Deutschen Bibliothekartag jedes Jahr Europas gr\u00f6\u00dfter Fachkongress zu bibliothekarischen Themen abgehalten. 2020 sollte die 109. Auflage urspr\u00fcnglich Ende Mai mit rund 4000 internationalen Teilnehmenden und vielen Ausstellern aus der Informationsbranche in Hannover stattfinden. Doch wie so viele Gro\u00dfveranstaltungen zuvor, wurde auch der Bibliothekartag im Zeichen der COVID-19-Pandemie abgesagt &#8211; erstmals seit &hellip; <a href=\"https:\/\/blogs.fu-berlin.de\/bibliotheken\/2020\/05\/26\/virtuelle-konferenz-vbib20-vom-26-28-mai-2020\/\" class=\"more-link\"><span class=\"screen-reader-text\">\u201eVirtuelle Konferenz #vBIB20 vom 26.-28. Mai 2020\u201c<\/span> weiterlesen<\/a><\/p>\n","protected":false},"author":293,"featured_media":0,"comment_status":"open","ping_status":"open","sticky":false,"template":"","format":"standard","meta":{"footnotes":""},"categories":[9,599,604,70],"tags":[237906,237908,237849,237818,510,237907],"class_list":["post-26810","post","type-post","status-publish","format-standard","hentry","category-allgemein","category-bibliothekswesen","category-ins-netz-geschaut","category-veranstaltungen","tag-vbib20","tag-bibliothekskongress","tag-corona-pandemie","tag-covid-19","tag-deutscher-bibliothekartag","tag-virtuelle-konferenz"],"_links":{"self":[{"href":"https:\/\/blogs.fu-berlin.de\/bibliotheken\/wp-json\/wp\/v2\/posts\/26810","targetHints":{"allow":["GET"]}}],"collection":[{"href":"https:\/\/blogs.fu-berlin.de\/bibliotheken\/wp-json\/wp\/v2\/posts"}],"about":[{"href":"https:\/\/blogs.fu-berlin.de\/bibliotheken\/wp-json\/wp\/v2\/types\/post"}],"author":[{"embeddable":true,"href":"https:\/\/blogs.fu-berlin.de\/bibliotheken\/wp-json\/wp\/v2\/users\/293"}],"replies":[{"embeddable":true,"href":"https:\/\/blogs.fu-berlin.de\/bibliotheken\/wp-json\/wp\/v2\/comments?post=26810"}],"version-history":[{"count":11,"href":"https:\/\/blogs.fu-berlin.de\/bibliotheken\/wp-json\/wp\/v2\/posts\/26810\/revisions"}],"predecessor-version":[{"id":26822,"href":"https:\/\/blogs.fu-berlin.de\/bibliotheken\/wp-json\/wp\/v2\/posts\/26810\/revisions\/26822"}],"wp:attachment":[{"href":"https:\/\/blogs.fu-berlin.de\/bibliotheken\/wp-json\/wp\/v2\/media?parent=26810"}],"wp:term":[{"taxonomy":"category","embeddable":true,"href":"https:\/\/blogs.fu-berlin.de\/bibliotheken\/wp-json\/wp\/v2\/categories?post=26810"},{"taxonomy":"post_tag","embeddable":true,"href":"https:\/\/blogs.fu-berlin.de\/bibliotheken\/wp-json\/wp\/v2\/tags?post=26810"}],"curies":[{"name":"wp","href":"https:\/\/api.w.org\/{rel}","templated":true}]}}