{"id":26838,"date":"2020-05-29T14:47:00","date_gmt":"2020-05-29T13:47:00","guid":{"rendered":"https:\/\/blogs.fu-berlin.de\/bibliotheken\/?p=26838"},"modified":"2020-05-29T14:56:37","modified_gmt":"2020-05-29T13:56:37","slug":"elektronischer-versand-von-fernleihen-endet-im-mai-2020","status":"publish","type":"post","link":"https:\/\/blogs.fu-berlin.de\/bibliotheken\/2020\/05\/29\/elektronischer-versand-von-fernleihen-endet-im-mai-2020\/","title":{"rendered":"Elektronischer Versand von Fernleihen endet im Mai 2020"},"content":{"rendered":"<p><img loading=\"lazy\" decoding=\"async\" class=\"alignright wp-image-26841\" src=\"https:\/\/blogs.fu-berlin.de\/bibliotheken\/files\/2020\/05\/message-2741876_640-300x225.png\" alt=\"Grafik: Pixabay\" width=\"200\" height=\"150\" srcset=\"https:\/\/blogs.fu-berlin.de\/bibliotheken\/files\/2020\/05\/message-2741876_640-300x225.png 300w, https:\/\/blogs.fu-berlin.de\/bibliotheken\/files\/2020\/05\/message-2741876_640.png 640w\" sizes=\"auto, (max-width: 200px) 85vw, 200px\" \/>Aufgrund der Corona-Pandemie war es ausnahmsweise m\u00f6glich geworden, via <a href=\"https:\/\/www.fu-berlin.de\/sites\/ub\/service\/fernleihe\/index.html\">Fernleihe<\/a> bestellte Aufs\u00e4tze in elektronischer Form direkt an unsere Endnutzerinnen und -nutzer weiter zu \u00fcbermitteln. Basis hierf\u00fcr war eine kurzfristig getroffene Einigung zwischen der Kultusministerkonferenz (KMK) und der Verwertungsgesellschaft Wort (VG Wort). Diese hat noch bis zum <strong>31. Mai 2020<\/strong> Bestand. Zwar setzte sich u. a. der Deutsche Bibliotheksverband (dbv) f\u00fcr eine Verl\u00e4ngerung der Frist ein, diese ist aber mittlerweile abschl\u00e4gig beschieden worden.<\/p>\n<p>Konkret bedeutet das, dass wir nur noch bis einschlie\u00dflich 31. Mai bereitgestellte Fernleihen auf elektronischem Weg weiter\u00fcbermitteln d\u00fcrfen. <strong>Ab Juni 2020 m\u00fcssen Nutzerinnen und Nutzer wie auch vor Beginn der Pandemie die ausgedruckten Kopien pers\u00f6nlich in der <a href=\"https:\/\/www.fu-berlin.de\/sites\/ub\/ueber-uns\/oeffnungszeiten\/index.html\">Universit\u00e4tsbibliothek<\/a> abholen<\/strong>. Auch wir h\u00e4tten uns eine Verl\u00e4ngerung dieser Ausnahmeregelung gew\u00fcnscht!<\/p>\n<p>Dennoch versuchen wir weiterhin f\u00fcr FU-Studierende, und -Besch\u00e4ftigte dieses &#8222;Kreativsemester&#8220; so angenehm wie m\u00f6glich zu gestalten (siehe unsere <a href=\"https:\/\/www.fu-berlin.de\/sites\/ub\/ueber-uns\/news\/corona.html\">aktuellen Services<\/a>).\u00a0 So bleibt f\u00fcr FU-Angeh\u00f6rige u. a. die Fernleihbestellung von B\u00fcchern oder Zeitschriftenaufs\u00e4tzen vorerst kostenfrei &#8211; auch f\u00fcr Studierende entf\u00e4llt gegenw\u00e4rtig die Geb\u00fchr von normalerweise 1,50 Euro pro Bestellung!<\/p>\n<h6>(Grafik: <a href=\"https:\/\/pixabay.com\/de\/illustrations\/nachricht-gesendet-schreiben-mail-2741876\/\">Pixabay<\/a>)<\/h6>\n","protected":false},"excerpt":{"rendered":"<p>Aufgrund der Corona-Pandemie war es ausnahmsweise m\u00f6glich geworden, via Fernleihe bestellte Aufs\u00e4tze in elektronischer Form direkt an unsere Endnutzerinnen und -nutzer weiter zu \u00fcbermitteln. Basis hierf\u00fcr war eine kurzfristig getroffene Einigung zwischen der Kultusministerkonferenz (KMK) und der Verwertungsgesellschaft Wort (VG Wort). Diese hat noch bis zum 31. Mai 2020 Bestand. Zwar setzte sich u. a. &hellip; <a href=\"https:\/\/blogs.fu-berlin.de\/bibliotheken\/2020\/05\/29\/elektronischer-versand-von-fernleihen-endet-im-mai-2020\/\" class=\"more-link\"><span class=\"screen-reader-text\">\u201eElektronischer Versand von Fernleihen endet im Mai 2020\u201c<\/span> weiterlesen<\/a><\/p>\n","protected":false},"author":293,"featured_media":0,"comment_status":"open","ping_status":"open","sticky":false,"template":"","format":"standard","meta":{"footnotes":""},"categories":[9,599],"tags":[749,318190,90596],"class_list":["post-26838","post","type-post","status-publish","format-standard","hentry","category-allgemein","category-bibliothekswesen","tag-fernleihe","tag-kreativsemester","tag-vg-wort"],"_links":{"self":[{"href":"https:\/\/blogs.fu-berlin.de\/bibliotheken\/wp-json\/wp\/v2\/posts\/26838","targetHints":{"allow":["GET"]}}],"collection":[{"href":"https:\/\/blogs.fu-berlin.de\/bibliotheken\/wp-json\/wp\/v2\/posts"}],"about":[{"href":"https:\/\/blogs.fu-berlin.de\/bibliotheken\/wp-json\/wp\/v2\/types\/post"}],"author":[{"embeddable":true,"href":"https:\/\/blogs.fu-berlin.de\/bibliotheken\/wp-json\/wp\/v2\/users\/293"}],"replies":[{"embeddable":true,"href":"https:\/\/blogs.fu-berlin.de\/bibliotheken\/wp-json\/wp\/v2\/comments?post=26838"}],"version-history":[{"count":7,"href":"https:\/\/blogs.fu-berlin.de\/bibliotheken\/wp-json\/wp\/v2\/posts\/26838\/revisions"}],"predecessor-version":[{"id":28144,"href":"https:\/\/blogs.fu-berlin.de\/bibliotheken\/wp-json\/wp\/v2\/posts\/26838\/revisions\/28144"}],"wp:attachment":[{"href":"https:\/\/blogs.fu-berlin.de\/bibliotheken\/wp-json\/wp\/v2\/media?parent=26838"}],"wp:term":[{"taxonomy":"category","embeddable":true,"href":"https:\/\/blogs.fu-berlin.de\/bibliotheken\/wp-json\/wp\/v2\/categories?post=26838"},{"taxonomy":"post_tag","embeddable":true,"href":"https:\/\/blogs.fu-berlin.de\/bibliotheken\/wp-json\/wp\/v2\/tags?post=26838"}],"curies":[{"name":"wp","href":"https:\/\/api.w.org\/{rel}","templated":true}]}}