{"id":26873,"date":"2020-06-02T17:14:21","date_gmt":"2020-06-02T16:14:21","guid":{"rendered":"https:\/\/blogs.fu-berlin.de\/bibliotheken\/?p=26873"},"modified":"2020-06-17T09:29:26","modified_gmt":"2020-06-17T08:29:26","slug":"hintergrund-zum-streit-der-virologen","status":"publish","type":"post","link":"https:\/\/blogs.fu-berlin.de\/bibliotheken\/2020\/06\/02\/hintergrund-zum-streit-der-virologen\/","title":{"rendered":"Hintergrund zum &#8222;Streit der Virologen&#8220;"},"content":{"rendered":"<figure id=\"attachment_26879\" aria-describedby=\"caption-attachment-26879\" style=\"width: 200px\" class=\"wp-caption alignright\"><a href=\"https:\/\/blogs.fu-berlin.de\/bibliotheken\/files\/2020\/06\/kekule.jpg\"><img loading=\"lazy\" decoding=\"async\" class=\"wp-image-26879 size-medium\" src=\"https:\/\/blogs.fu-berlin.de\/bibliotheken\/files\/2020\/06\/kekule-200x300.jpg\" alt=\"Bildquelle: Superbass \/ CC BY-SA (https:\/\/creativecommons.org\/licenses\/by-sa\/4.0)\" width=\"200\" height=\"300\" srcset=\"https:\/\/blogs.fu-berlin.de\/bibliotheken\/files\/2020\/06\/kekule-200x300.jpg 200w, https:\/\/blogs.fu-berlin.de\/bibliotheken\/files\/2020\/06\/kekule.jpg 400w\" sizes=\"auto, (max-width: 200px) 85vw, 200px\" \/><\/a><figcaption id=\"caption-attachment-26879\" class=\"wp-caption-text\">Alexander Kekul\u00e9 (2020)<\/figcaption><\/figure>\n<p>Am 25.05.2020 titelte die <em>Bild<\/em>-Zeitung: \u201e<a href=\"https:\/\/www.bild.de\/politik\/inland\/politik-inland\/fragwuerdige-methoden-drosten-studie-ueber-ansteckende-kinder-grob-falsch-70862170.bild.html\">Fragw\u00fcrdige Methoden Drosten-Studie \u00fcber ansteckende Kinder grob falsch<\/a>\u201c und l\u00f6ste damit diverse, teils heftige Reaktionen in den Sozialen und sonstigen Medien aus. Auch Wissenschaftler \u00e4u\u00dferten sich dazu.<\/p>\n<p>Insbesondere Alexander Kekul\u00e9, Direktor des Instituts f\u00fcr Medizinische Mikrobiologie des Universit\u00e4tsklinikums Halle, kritisierte Christian Drosten und sein Team aus der Charit\u00e9 Berlin scharf. In einer Reaktion Drostens via Twitter hei\u00dft es: \u201e<a href=\"https:\/\/twitter.com\/c_drosten\/status\/1265858395564847104\">[&#8230;] Er kennt unsere Daten nicht und zitiert falsch. Kekul\u00e9 selbst k\u00f6nnte man nicht kritisieren, dazu m\u00fcsste er erstmal etwas publizieren<\/a>\u201c.<\/p>\n<p>Was steckt dahinter? Eine Recherche in der Zitationsdatenbank <a href=\"http:\/\/dbis.ur.de\/detail.php?titel_id=2142&amp;bib_id=fub\">Web of Science<\/a> am 29.05.2020 ergibt Folgendes:<\/p>\n<table>\n<tbody>\n<tr>\n<td width=\"151\"><strong>Wissenschaftler<\/strong><\/td>\n<td width=\"151\"><strong>Publikationen<\/strong><\/td>\n<td width=\"151\"><strong>Zitationen<\/strong><\/td>\n<td width=\"151\"><strong>H-Index<\/strong><\/td>\n<\/tr>\n<tr>\n<td width=\"151\">Christian Drosten<\/td>\n<td width=\"151\">403<\/td>\n<td width=\"151\">19.376<\/td>\n<td width=\"151\">71<\/td>\n<\/tr>\n<tr>\n<td width=\"151\">Alexander Kekul\u00e9<\/td>\n<td width=\"151\">48<\/td>\n<td width=\"151\">1224<\/td>\n<td width=\"151\">14<\/td>\n<\/tr>\n<\/tbody>\n<\/table>\n<p>Christian Drosten hat weitaus mehr Artikel publiziert und wurde deutlich h\u00e4ufiger zitiert. Sein H-Index, der aus Publikationsh\u00e4ufigkeit und Zitationsh\u00e4ufigkeit berechnet wird, ist ebenfalls deutlich h\u00f6her.<\/p>\n<p>Wer genauer wissen m\u00f6chte wie bibliometrische Kennzahlen (H-Index, Impact-Faktor usw.) ermittelt werden k\u00f6nnen und welche Aussagekraft sie haben, kann dies im folgenden Webinar der Universit\u00e4tsbibliothek erfahren:<\/p>\n<p><strong>Qualit\u00e4tskriterien f\u00fcr die Literaturauswahl<\/strong><br \/>\nMittwoch, 17.06.2020 | 10:00 s.t. &#8211; 11:30<br \/>\nAnmeldung: <a href=\"https:\/\/ssl2.cms.fu-berlin.de\/fu-berlin\/sites\/ub\/lernangebote\/literaturrecherche\/qualitaetskriterien\/PM_formular_qualitaet\/index.html\">Online<\/a> oder via E-Mail an <a href=\"mailto:auskunft@ub.fu-berlin.de\">auskunft@ub.fu-berlin.de<\/a><\/p>\n<h6>Danke f\u00fcr den Beitrag an Heike Thomas, Mitarbeiterin in der Auskunftsabteilung der Universit\u00e4tsbibliothek!<\/h6>\n<h6>Bildquelle: <a href=\"https:\/\/commons.wikimedia.org\/wiki\/File:2020-01-29-Alexander_S._Kekul%C3%A9-Maischberger-8331.jpg\">Alexander Kekul\u00e9<\/a> &#8211; Fotograf: Superbass (Lizenz: <a href=\"https:\/\/creativecommons.org\/licenses\/by-sa\/4.0\">CC BY-SA<\/a>)<\/h6>\n","protected":false},"excerpt":{"rendered":"<p>Am 25.05.2020 titelte die Bild-Zeitung: \u201eFragw\u00fcrdige Methoden Drosten-Studie \u00fcber ansteckende Kinder grob falsch\u201c und l\u00f6ste damit diverse, teils heftige Reaktionen in den Sozialen und sonstigen Medien aus. Auch Wissenschaftler \u00e4u\u00dferten sich dazu. Insbesondere Alexander Kekul\u00e9, Direktor des Instituts f\u00fcr Medizinische Mikrobiologie des Universit\u00e4tsklinikums Halle, kritisierte Christian Drosten und sein Team aus der Charit\u00e9 Berlin scharf. &hellip; <a href=\"https:\/\/blogs.fu-berlin.de\/bibliotheken\/2020\/06\/02\/hintergrund-zum-streit-der-virologen\/\" class=\"more-link\"><span class=\"screen-reader-text\">\u201eHintergrund zum &#8222;Streit der Virologen&#8220;\u201c<\/span> weiterlesen<\/a><\/p>\n","protected":false},"author":293,"featured_media":0,"comment_status":"open","ping_status":"open","sticky":false,"template":"","format":"standard","meta":{"footnotes":""},"categories":[9,491,493,601,70],"tags":[2217,318195,318196,196659,196658,33661,7088,318197],"class_list":["post-26873","post","type-post","status-publish","format-standard","hentry","category-allgemein","category-lernangebote-kurse","category-recherchetipps","category-universitatsbibliothek","category-veranstaltungen","tag-bibliometrie","tag-h-index","tag-impact-faktor","tag-literaturauswahl","tag-qualitaetskriterien","tag-webinar","tag-wissenschaftsforschung","tag-zitationsanalyse"],"_links":{"self":[{"href":"https:\/\/blogs.fu-berlin.de\/bibliotheken\/wp-json\/wp\/v2\/posts\/26873","targetHints":{"allow":["GET"]}}],"collection":[{"href":"https:\/\/blogs.fu-berlin.de\/bibliotheken\/wp-json\/wp\/v2\/posts"}],"about":[{"href":"https:\/\/blogs.fu-berlin.de\/bibliotheken\/wp-json\/wp\/v2\/types\/post"}],"author":[{"embeddable":true,"href":"https:\/\/blogs.fu-berlin.de\/bibliotheken\/wp-json\/wp\/v2\/users\/293"}],"replies":[{"embeddable":true,"href":"https:\/\/blogs.fu-berlin.de\/bibliotheken\/wp-json\/wp\/v2\/comments?post=26873"}],"version-history":[{"count":11,"href":"https:\/\/blogs.fu-berlin.de\/bibliotheken\/wp-json\/wp\/v2\/posts\/26873\/revisions"}],"predecessor-version":[{"id":26889,"href":"https:\/\/blogs.fu-berlin.de\/bibliotheken\/wp-json\/wp\/v2\/posts\/26873\/revisions\/26889"}],"wp:attachment":[{"href":"https:\/\/blogs.fu-berlin.de\/bibliotheken\/wp-json\/wp\/v2\/media?parent=26873"}],"wp:term":[{"taxonomy":"category","embeddable":true,"href":"https:\/\/blogs.fu-berlin.de\/bibliotheken\/wp-json\/wp\/v2\/categories?post=26873"},{"taxonomy":"post_tag","embeddable":true,"href":"https:\/\/blogs.fu-berlin.de\/bibliotheken\/wp-json\/wp\/v2\/tags?post=26873"}],"curies":[{"name":"wp","href":"https:\/\/api.w.org\/{rel}","templated":true}]}}