{"id":26885,"date":"2020-06-03T08:53:57","date_gmt":"2020-06-03T07:53:57","guid":{"rendered":"https:\/\/blogs.fu-berlin.de\/bibliotheken\/?p=26885"},"modified":"2020-06-03T09:26:31","modified_gmt":"2020-06-03T08:26:31","slug":"bibliothek-des-kunsthistorischen-instituts-oeffnet-fuer-die-kontaktarme-ausleihe","status":"publish","type":"post","link":"https:\/\/blogs.fu-berlin.de\/bibliotheken\/2020\/06\/03\/bibliothek-des-kunsthistorischen-instituts-oeffnet-fuer-die-kontaktarme-ausleihe\/","title":{"rendered":"Bibliothek des Kunsthistorischen Instituts \u00f6ffnet f\u00fcr die kontaktarme Ausleihe"},"content":{"rendered":"<p><a href=\"https:\/\/www.geschkult.fu-berlin.de\/e\/khi\/ressourcen\/bibliotheken\/index.html\"><img loading=\"lazy\" decoding=\"async\" class=\"alignright wp-image-26886\" style=\"border: 1px solid black\" src=\"https:\/\/blogs.fu-berlin.de\/bibliotheken\/files\/2020\/06\/khi-300x198.jpg\" alt=\"\" width=\"250\" height=\"165\" srcset=\"https:\/\/blogs.fu-berlin.de\/bibliotheken\/files\/2020\/06\/khi-300x198.jpg 300w, https:\/\/blogs.fu-berlin.de\/bibliotheken\/files\/2020\/06\/khi.jpg 526w\" sizes=\"auto, (max-width: 250px) 85vw, 250px\" \/><\/a>Ab heute beginnt die <a href=\"https:\/\/www.geschkult.fu-berlin.de\/e\/khi\/ressourcen\/bibliotheken\/index.html\">Bibliothek des Kunsthistorischen Instituts<\/a> (KHI) mit der kontaktarmen Ausleihe f\u00fcr FU-Angeh\u00f6rige. (FU-Studierende, -Dozent*innen, -Mitarbeiter*innen). Wir folgen damit weiterhin dem Beispiel von HU und TU und k\u00f6nnen unseren Service vorerst nicht externen Benutzerinnen und Benutzern anbieten.<\/p>\n<p>Die Bibliothek des KHI ist nach den Standorten <a title=\"Startseite Universit\u00e4tsbibliothek\" href=\"https:\/\/www.fu-berlin.de\/sites\/ub\/index.html\">Universit\u00e4tsbibliothek<\/a>, <a title=\"Startseite Bibliothek Rechtswissenschaft\" href=\"https:\/\/www.jura.fu-berlin.de\/bibliothek\/index.html\" target=\"_blank\" rel=\"noopener\">Rechtwissenschaft<\/a>, <a href=\"https:\/\/www.wiwiss.fu-berlin.de\/bibliothek\/index.html\" target=\"_blank\" rel=\"noopener\">Wirtschaftswissenschaft<\/a>, <a href=\"https:\/\/www.polsoz.fu-berlin.de\/bibliothek\/index.html\" target=\"_blank\" rel=\"noopener\">Sozialwissenschaften und Osteuropastudien<\/a> und <a href=\"https:\/\/www.geschkult.fu-berlin.de\/e\/fmi\/bibliothek\/\">Geschichts- und Kulturwissenschaft (FMI)<\/a> der insgesamt sechste Bibliotheksstandort, der mittlerweile ge\u00f6ffnet ist. Weitere Bibliotheken werden folgen.<\/p>\n<p>Alle ge\u00f6ffneten H\u00e4user bieten vorerst von Montag bis Freitag, 10:00-16:00 Uhr, <a href=\"https:\/\/www.fu-berlin.de\/sites\/ub\/ueber-uns\/news\/Wiederoeffnung-der-Ausleihe.html\">eingeschr\u00e4nkte Services<\/a> an. FU-Angeh\u00f6rige k\u00f6nnen vorab \u00fcber das <a href=\"https:\/\/primo.fu-berlin.de\">Bibliothkesportal Primo<\/a> Medien vorbestellen und abholen, auch R\u00fcckgaben sind m\u00f6glich. Die Bibliotheken sind ausschlie\u00dflich f\u00fcr die kontaktarme Ausleihe ge\u00f6ffnet \u2013 <strong>Mund- und Nasenschutz<\/strong> sind mitzuf\u00fchren und die bekannten Abstandsregeln\u00a0 einzuhalten. <strong>Die Nutzung der Leses\u00e4le, Arbeitspl\u00e4tze, Freihandbereiche, Kopier- und Scanger\u00e4te sowie PC-Arbeitspl\u00e4tze ist bis auf Weiteres leider nicht m\u00f6glich.<br \/>\n<\/strong><\/p>\n","protected":false},"excerpt":{"rendered":"<p>Ab heute beginnt die Bibliothek des Kunsthistorischen Instituts (KHI) mit der kontaktarmen Ausleihe f\u00fcr FU-Angeh\u00f6rige. (FU-Studierende, -Dozent*innen, -Mitarbeiter*innen). Wir folgen damit weiterhin dem Beispiel von HU und TU und k\u00f6nnen unseren Service vorerst nicht externen Benutzerinnen und Benutzern anbieten. Die Bibliothek des KHI ist nach den Standorten Universit\u00e4tsbibliothek, Rechtwissenschaft, Wirtschaftswissenschaft, Sozialwissenschaften und Osteuropastudien und Geschichts- &hellip; <a href=\"https:\/\/blogs.fu-berlin.de\/bibliotheken\/2020\/06\/03\/bibliothek-des-kunsthistorischen-instituts-oeffnet-fuer-die-kontaktarme-ausleihe\/\" class=\"more-link\"><span class=\"screen-reader-text\">\u201eBibliothek des Kunsthistorischen Instituts \u00f6ffnet f\u00fcr die kontaktarme Ausleihe\u201c<\/span> weiterlesen<\/a><\/p>\n","protected":false},"author":293,"featured_media":0,"comment_status":"open","ping_status":"open","sticky":false,"template":"","format":"standard","meta":{"footnotes":""},"categories":[9,599,600],"tags":[1946,237849,318199,2393,237887,318200,318201],"class_list":["post-26885","post","type-post","status-publish","format-standard","hentry","category-allgemein","category-bibliothekswesen","category-fachbibliotheken","tag-ausleihe","tag-corona-pandemie","tag-fachbibliothek","tag-khi","tag-kontaktarm","tag-kunsthistorisches-institut","tag-wiedereroeffnung"],"_links":{"self":[{"href":"https:\/\/blogs.fu-berlin.de\/bibliotheken\/wp-json\/wp\/v2\/posts\/26885","targetHints":{"allow":["GET"]}}],"collection":[{"href":"https:\/\/blogs.fu-berlin.de\/bibliotheken\/wp-json\/wp\/v2\/posts"}],"about":[{"href":"https:\/\/blogs.fu-berlin.de\/bibliotheken\/wp-json\/wp\/v2\/types\/post"}],"author":[{"embeddable":true,"href":"https:\/\/blogs.fu-berlin.de\/bibliotheken\/wp-json\/wp\/v2\/users\/293"}],"replies":[{"embeddable":true,"href":"https:\/\/blogs.fu-berlin.de\/bibliotheken\/wp-json\/wp\/v2\/comments?post=26885"}],"version-history":[{"count":9,"href":"https:\/\/blogs.fu-berlin.de\/bibliotheken\/wp-json\/wp\/v2\/posts\/26885\/revisions"}],"predecessor-version":[{"id":27177,"href":"https:\/\/blogs.fu-berlin.de\/bibliotheken\/wp-json\/wp\/v2\/posts\/26885\/revisions\/27177"}],"wp:attachment":[{"href":"https:\/\/blogs.fu-berlin.de\/bibliotheken\/wp-json\/wp\/v2\/media?parent=26885"}],"wp:term":[{"taxonomy":"category","embeddable":true,"href":"https:\/\/blogs.fu-berlin.de\/bibliotheken\/wp-json\/wp\/v2\/categories?post=26885"},{"taxonomy":"post_tag","embeddable":true,"href":"https:\/\/blogs.fu-berlin.de\/bibliotheken\/wp-json\/wp\/v2\/tags?post=26885"}],"curies":[{"name":"wp","href":"https:\/\/api.w.org\/{rel}","templated":true}]}}