{"id":26930,"date":"2020-06-12T07:36:12","date_gmt":"2020-06-12T06:36:12","guid":{"rendered":"https:\/\/blogs.fu-berlin.de\/bibliotheken\/?p=26930"},"modified":"2021-09-13T10:35:30","modified_gmt":"2021-09-13T09:35:30","slug":"online-buergerdialog-zum-thema-europa-nach-corona-solidarisch-und-sozial","status":"publish","type":"post","link":"https:\/\/blogs.fu-berlin.de\/bibliotheken\/2020\/06\/12\/online-buergerdialog-zum-thema-europa-nach-corona-solidarisch-und-sozial\/","title":{"rendered":"Online B\u00fcrgerdialog zum Thema: Europa nach Corona \u2013 solidarisch und sozial!"},"content":{"rendered":"\n<p><em><span class=\"has-inline-color has-bright-red-color\">Der Betrieb des &#8222;Dokumentationszentrums UN &#8211; EU&#8220; wird eingestellt. Die entsprechende Literatur bleibt im Bestand und ist weiterhin zug\u00e4nglich.<\/span><\/em><\/p>\n\n\n<p>Die Vertretung der Europ\u00e4ische Kommission in Deutschland l\u00e4dt zu einem Online B\u00fcrgerdialog mit dem Thema &#8222;<a href=\"https:\/\/ec.europa.eu\/germany\/events\/europa-nach-corona-%E2%80%93-solidarisch-und-sozial_de\">Europa nach Corona \u2013 solidarisch und sozial!<\/a>&#8220; am Montag, den 15. Juni 2020, 15.30 \u2013 16.30 Uhr ein.<\/p>\n<p>Es diskutieren <strong>Nicolas Schmit<\/strong> (EU-Kommissar f\u00fcr Jobs und soziale Rechte) und <strong>Hubertus Heil (<\/strong>Bundesminister f\u00fcr Arbeit und Soziales). Die Moderation \u00fcbernimmt <strong>Anke Pl\u00e4ttner (<\/strong>Moderatorin bei Phoenix).<\/p>\n<p><em>Aus dem Einladungstext:<\/em> &#8222;Die Corona-Krise hat in ganz Europa Spuren hinterlassen. Geschlossene Schulen, \u00fcberlastete Pflegekr\u00e4fte, schlechte Arbeitsbedingungen oder die Angst vor Arbeitslosigkeit und Armut treiben viele Menschen um. Wie kann die EU dazu beitragen, diese sozialen und besch\u00e4ftigungspolitischen Herausforderungen m\u00f6glichst gut zu bew\u00e4ltigen? Wie k\u00f6nnen wirtschaftspolitische Interessen, soziale Rechte und Klimaziele miteinander in Einklang gebracht werden? Welche Schwerpunkte setzten die Europ\u00e4ische Kommission und die deutsche EU-Ratspr\u00e4sidentschaft im 2. Halbjahr 2020?&#8220;<\/p>\n<p>Noch mehr Informationen zur EU bekommen Sie in unserem&nbsp;<a href=\"https:\/\/www.ub.fu-berlin.de\/bibliothek\/uneu\/\">Dokumentationszentrum UN-EU<\/a>.<\/p>","protected":false},"excerpt":{"rendered":"<p>Der Betrieb des &#8222;Dokumentationszentrums UN &#8211; EU&#8220; wird eingestellt. Die entsprechende Literatur bleibt im Bestand und ist weiterhin zug\u00e4nglich. Die Vertretung der Europ\u00e4ische Kommission in Deutschland l\u00e4dt zu einem Online B\u00fcrgerdialog mit dem Thema &#8222;Europa nach Corona \u2013 solidarisch und sozial!&#8220; am Montag, den 15. Juni 2020, 15.30 \u2013 16.30 Uhr ein. Es diskutieren Nicolas &hellip; <a href=\"https:\/\/blogs.fu-berlin.de\/bibliotheken\/2020\/06\/12\/online-buergerdialog-zum-thema-europa-nach-corona-solidarisch-und-sozial\/\" class=\"more-link\"><span class=\"screen-reader-text\">\u201eOnline B\u00fcrgerdialog zum Thema: Europa nach Corona \u2013 solidarisch und sozial!\u201c<\/span> weiterlesen<\/a><\/p>\n","protected":false},"author":3230,"featured_media":0,"comment_status":"open","ping_status":"open","sticky":false,"template":"","format":"standard","meta":{"footnotes":""},"categories":[604,70],"tags":[56917,2458,56945,196543],"class_list":["post-26930","post","type-post","status-publish","format-standard","hentry","category-ins-netz-geschaut","category-veranstaltungen","tag-buergerdialog","tag-dokumentationszentrum-un-eu","tag-europaeische-kommission","tag-vertretung-der-europaeischen-kommission"],"_links":{"self":[{"href":"https:\/\/blogs.fu-berlin.de\/bibliotheken\/wp-json\/wp\/v2\/posts\/26930","targetHints":{"allow":["GET"]}}],"collection":[{"href":"https:\/\/blogs.fu-berlin.de\/bibliotheken\/wp-json\/wp\/v2\/posts"}],"about":[{"href":"https:\/\/blogs.fu-berlin.de\/bibliotheken\/wp-json\/wp\/v2\/types\/post"}],"author":[{"embeddable":true,"href":"https:\/\/blogs.fu-berlin.de\/bibliotheken\/wp-json\/wp\/v2\/users\/3230"}],"replies":[{"embeddable":true,"href":"https:\/\/blogs.fu-berlin.de\/bibliotheken\/wp-json\/wp\/v2\/comments?post=26930"}],"version-history":[{"count":3,"href":"https:\/\/blogs.fu-berlin.de\/bibliotheken\/wp-json\/wp\/v2\/posts\/26930\/revisions"}],"predecessor-version":[{"id":29083,"href":"https:\/\/blogs.fu-berlin.de\/bibliotheken\/wp-json\/wp\/v2\/posts\/26930\/revisions\/29083"}],"wp:attachment":[{"href":"https:\/\/blogs.fu-berlin.de\/bibliotheken\/wp-json\/wp\/v2\/media?parent=26930"}],"wp:term":[{"taxonomy":"category","embeddable":true,"href":"https:\/\/blogs.fu-berlin.de\/bibliotheken\/wp-json\/wp\/v2\/categories?post=26930"},{"taxonomy":"post_tag","embeddable":true,"href":"https:\/\/blogs.fu-berlin.de\/bibliotheken\/wp-json\/wp\/v2\/tags?post=26930"}],"curies":[{"name":"wp","href":"https:\/\/api.w.org\/{rel}","templated":true}]}}