{"id":26932,"date":"2020-06-08T10:55:13","date_gmt":"2020-06-08T09:55:13","guid":{"rendered":"https:\/\/blogs.fu-berlin.de\/bibliotheken\/?p=26932"},"modified":"2021-09-13T10:36:19","modified_gmt":"2021-09-13T09:36:19","slug":"heute-ist-world-oceans-day","status":"publish","type":"post","link":"https:\/\/blogs.fu-berlin.de\/bibliotheken\/2020\/06\/08\/heute-ist-world-oceans-day\/","title":{"rendered":"Heute ist World Oceans Day!"},"content":{"rendered":"\n<p><em><span class=\"has-inline-color has-bright-red-color\">Der Betrieb des &#8222;Dokumentationszentrums UN &#8211; EU&#8220; wird eingestellt. Die entsprechende Literatur bleibt im Bestand und ist weiterhin zug\u00e4nglich.<\/span><\/em><\/p>\n\n\n<p><figure id=\"attachment_26933\" aria-describedby=\"caption-attachment-26933\" style=\"width: 240px\" class=\"wp-caption alignright\"><img loading=\"lazy\" decoding=\"async\" class=\"size-medium wp-image-26933\" src=\"https:\/\/blogs.fu-berlin.de\/bibliotheken\/files\/2020\/06\/ocean-wave-1656579-240x300.jpg\" alt=\"\" width=\"240\" height=\"300\" srcset=\"https:\/\/blogs.fu-berlin.de\/bibliotheken\/files\/2020\/06\/ocean-wave-1656579-240x300.jpg 240w, https:\/\/blogs.fu-berlin.de\/bibliotheken\/files\/2020\/06\/ocean-wave-1656579-1200x1500.jpg 1200w, https:\/\/blogs.fu-berlin.de\/bibliotheken\/files\/2020\/06\/ocean-wave-1656579.jpg 1946w\" sizes=\"auto, (max-width: 240px) 85vw, 240px\" \/><figcaption id=\"caption-attachment-26933\" class=\"wp-caption-text\">Photo by Simon Clayton from Pexels<\/figcaption><\/figure><\/p>\n<p>Liebe Leserinnen und Leser, heute ist <a href=\"https:\/\/worldoceansday.org\/\">World Oceans Day<\/a>! Das diesj\u00e4hrige Motto des World Oceans Day lautet &#8222;Innovation for a Sustainable Ocean&#8220;.<\/p>\n<p>Planungen zur Festlegung eines solchen Tages gehen auf das Jahr 1992 zur\u00fcck. Kanadas Internationales Zentrum f\u00fcr Ozeanentwicklung (ICOD) und das Ozeaninstitut von Kanada (OIC) schlugen auf dem &#8222;Earth Summit&#8220;- UN-Konferenz \u00fcber Umwelt und Entwicklung (UNCED) in Rio de Janeiro, Brasilien &#8211; einen Oceans Day vor. Der World Oceans Day wurde 2008 von den Vereinten Nationen offiziell anerkannt.<\/p>\n<p>Der World Oceans Day soll durch Aktionen und Aktivit\u00e4ten auf die Verschmutzung der Meere aufmerksam machen. Der Internationale Tag unterst\u00fctzt die Umsetzung der weltweiten <a href=\"https:\/\/sustainabledevelopment.un.org\/?menu=1300\">Ziele f\u00fcr nachhaltige Entwicklung (SDGs)<\/a> und f\u00f6rdert das \u00f6ffentliche Interesse an der Bewirtschaftung des Ozeans und seiner Ressourcen.<\/p>\n<p>Die Bedeutung der Ozeane f\u00fcr den Erhalt des menschlichen Lebens auf der Erde darf nicht untersch\u00e4tzt werden. Sie bieten eine reiche biologische Vielfalt und sind lebenswichtig f\u00fcr die Luft, die wir atmen. Die EU-B\u00fcrger*innen <a href=\"https:\/\/www.eumofa.eu\/the-eu-market#euFishMarket\">verzehren im Durchschnitt 24 kg Meeresfr\u00fcchte pro Jahr.<\/a> Phytoplankton produziert etwa die<a href=\"https:\/\/oceanexplorer.noaa.gov\/facts\/oceanproduction.html\"> H\u00e4lfte des Sauerstoffs auf der Welt<\/a>. Dar\u00fcber hinaus mildern die Ozeane die negativen Auswirkungen der menschlichen Aktivit\u00e4ten. Seegras und Meeresalgen fungieren als biologisches Reinigungssystem, indem sie Stickstoff- und Phosphorverbindungen von Landgebieten speichern.<\/p>\n<p>Viele Menschen sind auch f\u00fcr ihr Einkommen von den Ozeanen abh\u00e4ngig &#8211; in der EU sind etwa 4 Millionen Menschen in der blauen Wirtschaft besch\u00e4ftigt, die traditionelle Sektoren wie Fischerei, K\u00fcstentourismus und Seeverkehr und aufstrebende Sektoren wie Aquakultur, blaue Biotechnologie und insbesondere Offshore-Wind- und Meeresenergie umfasst &#8211; Sektoren, in denen Europa weltweit f\u00fchrend ist.<\/p>\n<p>Die Ozeane stehen jedoch zunehmend unter dem Druck menschlicher Aktivit\u00e4ten. \u00dcbersch\u00fcssige N\u00e4hrstoffe aus der Landwirtschaft oder <a href=\"https:\/\/ec.europa.eu\/environment\/marine\/good-environmental-status\/descriptor-5\/index_en.htm\">Abw\u00e4sser verursachen Eutrophierung<\/a> &#8211; ein Prozess, der zu sch\u00e4dlichen Algenbl\u00fcten und letztlich zu Sauerstoffmangel f\u00fchren kann. Andere bekannte Verschmutzungsfaktoren sind \u00d6lverschmutzungen und Meeresverschmutzungen. Ein Hauptproblem sind Kunststoffabf\u00e4lle, die etwa drei Viertel der gesamten Meeresverschmutzung ausmachen. Forschungen zeigen, dass <a href=\"https:\/\/science.sciencemag.org\/content\/347\/6223\/768\">j\u00e4hrlich 4,8 bis 12,7 Millionen Tonnen Plastik<\/a> in die Ozeane gelangen und dass Einwegkunststoffe sogar in Tiefen von \u00fcber 6000 m vorkommen. Einer Vorhersage zufolge k\u00f6nnte das Plastik in den Ozeanen ohne nennenswerte Ma\u00dfnahmen bis 2050 die Fische \u00fcberwiegen.<\/p>\n<p>Die EU ist ein aktiver Akteur bei der Gestaltung der globalen Meerespolitik. Folgend finden Sie einige Beispiele:<\/p>\n<ul>\n<li><a href=\"https:\/\/ec.europa.eu\/fisheries\/cfp_en\">The Common Fisheries Policy (CFP)<\/a><\/li>\n<li><a href=\"https:\/\/eur-lex.europa.eu\/legal-content\/EN\/TXT\/?uri=CELEX:32008L0056\" target=\"_blank\" rel=\"noopener noreferrer\">Marine Strategy Framework Directive<\/a><\/li>\n<li><a href=\"https:\/\/www.eea.europa.eu\/themes\/water\/europes-seas-and-coasts\/assessments\/marine-protected-areas\">Marine protected areas<\/a><\/li>\n<\/ul>\n<p>Die Vereinten Nationen haben unl\u00e4ngst einige Digitalisate anl\u00e4sslich des World Oceans Day zu einer historischen Konferenz online gestellt. Die Konferenz im Jahr 1955 in Rom hatte den Titel: <a href=\"https:\/\/digitallibrary.un.org\/record\/211930?ln=en\">International technical conference on the conservation of the living resources of the sea.<\/a><\/p>\n<p>Noch mehr Informationen zur EU &amp; UN bekommen Sie in unserem&nbsp;<a href=\"https:\/\/www.ub.fu-berlin.de\/bibliothek\/uneu\/\">Dokumentationszentrum UN-EU<\/a>.<\/p>","protected":false},"excerpt":{"rendered":"<p>Der Betrieb des &#8222;Dokumentationszentrums UN &#8211; EU&#8220; wird eingestellt. Die entsprechende Literatur bleibt im Bestand und ist weiterhin zug\u00e4nglich. Liebe Leserinnen und Leser, heute ist World Oceans Day! Das diesj\u00e4hrige Motto des World Oceans Day lautet &#8222;Innovation for a Sustainable Ocean&#8220;. Planungen zur Festlegung eines solchen Tages gehen auf das Jahr 1992 zur\u00fcck. Kanadas Internationales &hellip; <a href=\"https:\/\/blogs.fu-berlin.de\/bibliotheken\/2020\/06\/08\/heute-ist-world-oceans-day\/\" class=\"more-link\"><span class=\"screen-reader-text\">\u201eHeute ist World Oceans Day!\u201c<\/span> weiterlesen<\/a><\/p>\n","protected":false},"author":3230,"featured_media":0,"comment_status":"open","ping_status":"open","sticky":false,"template":"","format":"standard","meta":{"footnotes":""},"categories":[9],"tags":[196703,2458,56945,1977,318203,57495,12086],"class_list":["post-26932","post","type-post","status-publish","format-standard","hentry","category-allgemein","tag-17-ziele-fuer-nachhaltige-entwicklung","tag-dokumentationszentrum-un-eu","tag-europaeische-kommission","tag-europaische-union","tag-ozean","tag-sustainable-development-goals","tag-vereinte-nationen"],"_links":{"self":[{"href":"https:\/\/blogs.fu-berlin.de\/bibliotheken\/wp-json\/wp\/v2\/posts\/26932","targetHints":{"allow":["GET"]}}],"collection":[{"href":"https:\/\/blogs.fu-berlin.de\/bibliotheken\/wp-json\/wp\/v2\/posts"}],"about":[{"href":"https:\/\/blogs.fu-berlin.de\/bibliotheken\/wp-json\/wp\/v2\/types\/post"}],"author":[{"embeddable":true,"href":"https:\/\/blogs.fu-berlin.de\/bibliotheken\/wp-json\/wp\/v2\/users\/3230"}],"replies":[{"embeddable":true,"href":"https:\/\/blogs.fu-berlin.de\/bibliotheken\/wp-json\/wp\/v2\/comments?post=26932"}],"version-history":[{"count":3,"href":"https:\/\/blogs.fu-berlin.de\/bibliotheken\/wp-json\/wp\/v2\/posts\/26932\/revisions"}],"predecessor-version":[{"id":29085,"href":"https:\/\/blogs.fu-berlin.de\/bibliotheken\/wp-json\/wp\/v2\/posts\/26932\/revisions\/29085"}],"wp:attachment":[{"href":"https:\/\/blogs.fu-berlin.de\/bibliotheken\/wp-json\/wp\/v2\/media?parent=26932"}],"wp:term":[{"taxonomy":"category","embeddable":true,"href":"https:\/\/blogs.fu-berlin.de\/bibliotheken\/wp-json\/wp\/v2\/categories?post=26932"},{"taxonomy":"post_tag","embeddable":true,"href":"https:\/\/blogs.fu-berlin.de\/bibliotheken\/wp-json\/wp\/v2\/tags?post=26932"}],"curies":[{"name":"wp","href":"https:\/\/api.w.org\/{rel}","templated":true}]}}