{"id":26938,"date":"2020-06-10T08:59:09","date_gmt":"2020-06-10T07:59:09","guid":{"rendered":"https:\/\/blogs.fu-berlin.de\/bibliotheken\/?p=26938"},"modified":"2020-06-10T08:59:09","modified_gmt":"2020-06-10T07:59:09","slug":"campusbibliothek-fuer-die-kontaktarme-ausleihe-geoeffnet","status":"publish","type":"post","link":"https:\/\/blogs.fu-berlin.de\/bibliotheken\/2020\/06\/10\/campusbibliothek-fuer-die-kontaktarme-ausleihe-geoeffnet\/","title":{"rendered":"Campusbibliothek f\u00fcr die kontaktarme Ausleihe ge\u00f6ffnet"},"content":{"rendered":"<p><a href=\"https:\/\/www.fu-berlin.de\/sites\/campusbib\"><img loading=\"lazy\" decoding=\"async\" class=\"alignright wp-image-26939\" src=\"https:\/\/blogs.fu-berlin.de\/bibliotheken\/files\/2020\/06\/Screenshot_2020-06-10-Neubau-Kleine-F\u00e4cher-300x183.png\" alt=\"\" width=\"250\" height=\"153\" srcset=\"https:\/\/blogs.fu-berlin.de\/bibliotheken\/files\/2020\/06\/Screenshot_2020-06-10-Neubau-Kleine-F\u00e4cher-300x183.png 300w, https:\/\/blogs.fu-berlin.de\/bibliotheken\/files\/2020\/06\/Screenshot_2020-06-10-Neubau-Kleine-F\u00e4cher.png 327w\" sizes=\"auto, (max-width: 250px) 85vw, 250px\" \/><\/a>Seit gestern hat die <a href=\"https:\/\/www.fu-berlin.de\/sites\/campusbib\">Campusbibliothek <\/a>mit der kontaktarmen Ausleihe f\u00fcr FU-Angeh\u00f6rige (FU-Studierende, -Dozent*innen, -Mitarbeiter*innen) begonnen. Wir folgen damit weiterhin dem Beispiel von HU und TU und k\u00f6nnen unseren Service vorerst nicht externen Benutzerinnen und Benutzern anbieten.<\/p>\n<p>Die Campusbibliothek ist nach den Standorten <a title=\"Startseite Universit\u00e4tsbibliothek\" href=\"https:\/\/www.fu-berlin.de\/sites\/ub\/index.html\">Universit\u00e4tsbibliothek<\/a>, <a title=\"Startseite Bibliothek Rechtswissenschaft\" href=\"https:\/\/www.jura.fu-berlin.de\/bibliothek\/index.html\" target=\"_blank\" rel=\"noopener\">Rechtwissenschaft<\/a>, <a href=\"https:\/\/www.wiwiss.fu-berlin.de\/bibliothek\/index.html\" target=\"_blank\" rel=\"noopener\">Wirtschaftswissenschaft<\/a>, <a href=\"https:\/\/www.polsoz.fu-berlin.de\/bibliothek\/index.html\" target=\"_blank\" rel=\"noopener\">Sozialwissenschaften und Osteuropastudien<\/a>, <a href=\"https:\/\/www.geschkult.fu-berlin.de\/e\/fmi\/bibliothek\/\">Geschichts- und Kulturwissenschaft (FMI)<\/a> sowie <a href=\"https:\/\/www.geschkult.fu-berlin.de\/e\/khi\/ressourcen\/bibliotheken\/index.html\">Kunstgeschichte (KHI)<\/a> der insgesamt siebte Bibliotheksstandort, der mittlerweile ge\u00f6ffnet ist. Der <strong>Eingang zur Bibliothek ist auf den Au\u00dfenzugang Rudi-Dutschke-Weg verlegt<\/strong>. Weitere Bibliotheken werden folgen.<\/p>\n<p>Alle ge\u00f6ffneten H\u00e4user bieten vorerst von Montag bis Freitag, 10:00-16:00 Uhr, <a href=\"https:\/\/www.fu-berlin.de\/sites\/ub\/ueber-uns\/news\/Wiederoeffnung-der-Ausleihe.html\">eingeschr\u00e4nkte Services<\/a> an. FU-Angeh\u00f6rige k\u00f6nnen vorab \u00fcber das <a href=\"https:\/\/primo.fu-berlin.de\">Bibliotheksportal Primo<\/a> Medien vorbestellen und abholen, auch R\u00fcckgaben sind m\u00f6glich. Die Bibliotheken sind ausschlie\u00dflich f\u00fcr die kontaktarme Ausleihe ge\u00f6ffnet \u2013 <strong>Mund- und Nasenschutz<\/strong> sind mitzuf\u00fchren und die bekannten Abstandsregeln\u00a0 einzuhalten. <strong>Die Nutzung der Leses\u00e4le, Arbeitspl\u00e4tze, Freihandbereiche, Kopier- und Scanger\u00e4te sowie PC-Arbeitspl\u00e4tze ist bis auf Weiteres leider nicht m\u00f6glich.<br \/>\n<\/strong><\/p>\n","protected":false},"excerpt":{"rendered":"<p>Seit gestern hat die Campusbibliothek mit der kontaktarmen Ausleihe f\u00fcr FU-Angeh\u00f6rige (FU-Studierende, -Dozent*innen, -Mitarbeiter*innen) begonnen. Wir folgen damit weiterhin dem Beispiel von HU und TU und k\u00f6nnen unseren Service vorerst nicht externen Benutzerinnen und Benutzern anbieten. Die Campusbibliothek ist nach den Standorten Universit\u00e4tsbibliothek, Rechtwissenschaft, Wirtschaftswissenschaft, Sozialwissenschaften und Osteuropastudien, Geschichts- und Kulturwissenschaft (FMI) sowie Kunstgeschichte (KHI) &hellip; <a href=\"https:\/\/blogs.fu-berlin.de\/bibliotheken\/2020\/06\/10\/campusbibliothek-fuer-die-kontaktarme-ausleihe-geoeffnet\/\" class=\"more-link\"><span class=\"screen-reader-text\">\u201eCampusbibliothek f\u00fcr die kontaktarme Ausleihe ge\u00f6ffnet\u201c<\/span> weiterlesen<\/a><\/p>\n","protected":false},"author":293,"featured_media":0,"comment_status":"open","ping_status":"open","sticky":false,"template":"","format":"standard","meta":{"footnotes":""},"categories":[9,599,600],"tags":[1946,24650,237849,318199,237887,318201],"class_list":["post-26938","post","type-post","status-publish","format-standard","hentry","category-allgemein","category-bibliothekswesen","category-fachbibliotheken","tag-ausleihe","tag-campusbibliothek","tag-corona-pandemie","tag-fachbibliothek","tag-kontaktarm","tag-wiedereroeffnung"],"_links":{"self":[{"href":"https:\/\/blogs.fu-berlin.de\/bibliotheken\/wp-json\/wp\/v2\/posts\/26938","targetHints":{"allow":["GET"]}}],"collection":[{"href":"https:\/\/blogs.fu-berlin.de\/bibliotheken\/wp-json\/wp\/v2\/posts"}],"about":[{"href":"https:\/\/blogs.fu-berlin.de\/bibliotheken\/wp-json\/wp\/v2\/types\/post"}],"author":[{"embeddable":true,"href":"https:\/\/blogs.fu-berlin.de\/bibliotheken\/wp-json\/wp\/v2\/users\/293"}],"replies":[{"embeddable":true,"href":"https:\/\/blogs.fu-berlin.de\/bibliotheken\/wp-json\/wp\/v2\/comments?post=26938"}],"version-history":[{"count":1,"href":"https:\/\/blogs.fu-berlin.de\/bibliotheken\/wp-json\/wp\/v2\/posts\/26938\/revisions"}],"predecessor-version":[{"id":26940,"href":"https:\/\/blogs.fu-berlin.de\/bibliotheken\/wp-json\/wp\/v2\/posts\/26938\/revisions\/26940"}],"wp:attachment":[{"href":"https:\/\/blogs.fu-berlin.de\/bibliotheken\/wp-json\/wp\/v2\/media?parent=26938"}],"wp:term":[{"taxonomy":"category","embeddable":true,"href":"https:\/\/blogs.fu-berlin.de\/bibliotheken\/wp-json\/wp\/v2\/categories?post=26938"},{"taxonomy":"post_tag","embeddable":true,"href":"https:\/\/blogs.fu-berlin.de\/bibliotheken\/wp-json\/wp\/v2\/tags?post=26938"}],"curies":[{"name":"wp","href":"https:\/\/api.w.org\/{rel}","templated":true}]}}