{"id":26962,"date":"2020-06-14T16:00:08","date_gmt":"2020-06-14T15:00:08","guid":{"rendered":"https:\/\/blogs.fu-berlin.de\/bibliotheken\/?p=26962"},"modified":"2021-09-13T10:34:40","modified_gmt":"2021-09-13T09:34:40","slug":"digitalen-expertinnen-gespraech-fair-share-gleichstellung-in-zeiten-von-corona","status":"publish","type":"post","link":"https:\/\/blogs.fu-berlin.de\/bibliotheken\/2020\/06\/14\/digitalen-expertinnen-gespraech-fair-share-gleichstellung-in-zeiten-von-corona\/","title":{"rendered":"Digitalen Expertinnen-Gespr\u00e4ch \u201eFair Share \u2013 Gleichstellung in Zeiten von Corona\u201c"},"content":{"rendered":"\n<p><em><span class=\"has-inline-color has-bright-red-color\">Der Betrieb des &#8222;Dokumentationszentrums UN &#8211; EU&#8220; wird eingestellt. Die entsprechende Literatur bleibt im Bestand und ist weiterhin zug\u00e4nglich.<\/span><\/em><\/p>\n\n\n<p><figure id=\"attachment_26986\" aria-describedby=\"caption-attachment-26986\" style=\"width: 300px\" class=\"wp-caption alignright\"><img loading=\"lazy\" decoding=\"async\" class=\"size-medium wp-image-26986\" src=\"https:\/\/blogs.fu-berlin.de\/bibliotheken\/files\/2020\/06\/board-1647323_1920-300x200.jpg\" alt=\"\" width=\"300\" height=\"200\" srcset=\"https:\/\/blogs.fu-berlin.de\/bibliotheken\/files\/2020\/06\/board-1647323_1920-300x200.jpg 300w, https:\/\/blogs.fu-berlin.de\/bibliotheken\/files\/2020\/06\/board-1647323_1920-1200x800.jpg 1200w, https:\/\/blogs.fu-berlin.de\/bibliotheken\/files\/2020\/06\/board-1647323_1920.jpg 1920w\" sizes=\"auto, (max-width: 300px) 85vw, 300px\" \/><figcaption id=\"caption-attachment-26986\" class=\"wp-caption-text\">Quelle: Gerd Altmann auf Pixabay<\/figcaption><\/figure><\/p>\n<p>Im M\u00e4rz 2020 hat die EU-Kommission eine ambitionierte neue <a href=\"https:\/\/eur-lex.europa.eu\/legal-content\/DE\/TXT\/?uri=COM%3A2020%3A152%3AFIN\">Gleichstellungsstrategie<\/a> vorgestellt. Dann kam Corona. Die Krise b\u00fcrdet vor allem Frauen eine \u00fcberproportionale Last auf. Weltweit droht eine &#8222;Re-Traditionalisierung&#8220; der Geschlechterverh\u00e4ltnisse. Umso wichtiger ist es, an den Zielen und dem Zeitplan f\u00fcr Gleichstellungspolitik festzuhalten.<\/p>\n<p>Aber was hei\u00dft das in Zeiten von Corona und welche Ma\u00dfst\u00e4be kann die deutsche <a href=\"https:\/\/www.europarl.europa.eu\/germany\/de\/europa_und_sie\/institutionen_organe\/eu_ratspraesidentschaft\/rolle_und_aufgaben.html\">Ratspr\u00e4sidentschaft<\/a> hier setzen?<\/p>\n<div class=\"page\" title=\"Page 1\">\n<div class=\"layoutArea\">\n<div class=\"column\">\n<p>Die Europ\u00e4ische Kommission in Deutschland l\u00e4dt Sie am <strong>Mittwoch<\/strong> den <strong>17. Juni 2020, um 14:30 &#8211; 15.45 UHR<\/strong> zu einem digitalen Expertinnen-Gespr\u00e4ch mit der M\u00f6glichkeit zur aktiven Teilnahme ein.<\/p>\n<p>Hauptrednerinnen:<\/p>\n<ul>\n<li><strong>Helena Dalli<\/strong>, EU-Kommissarin f\u00fcr Gleichstellung<\/li>\n<li>Dr. Franziska Giffey, Bundesministerin f\u00fcr Familie, Senioren, Frauen und Jugend vertreten durch Staatssekret\u00e4rin <strong>Juliane Seifert<\/strong><\/li>\n<li><strong>Lisi Maier<\/strong>, stellv. Vorsitzende des Deutschen Frauenrats<\/li>\n<\/ul>\n<p>Kommentatorinnen:<\/p>\n<ul>\n<li><strong>Maria Noichl<\/strong>, Europaabgeordnete und Mitglied des Ausschusses f\u00fcr die Rechte der Frau und Gleichstellung der Geschlechter (FEMM)<\/li>\n<li><strong>Carlien Scheele<\/strong>, Direktorin des Europ\u00e4ischen Instituts f\u00fcr Gleichstellung (EIGE) Ana Sofia Fernandes, stellv. Vorsitzende der Europ\u00e4ischen Frauenlobby (EWL)<\/li>\n<\/ul>\n<p>Moderatorin:<\/p>\n<ul>\n<li><strong>Dr. Claudia Neus\u00fc\u00df<\/strong>, compassorange<\/li>\n<\/ul>\n<p>Im Anschluss folgt eine Fragen und Antworten-Runde.&nbsp;Es wird Englisch\/Deutsch gedolmetscht.<\/p>\n<\/div>\n<\/div>\n<p>Bitte melden Sie sich bis zum Montag, dem 15.06.2020, 12.00 Uhr <a href=\"https:\/\/artecom.regasus.de\/online\/EUK.do\">HIER<\/a> an.<\/p>\n<\/div>\n<div title=\"Page 1\">Noch mehr Informationen zur EU bekommen Sie in unserem&nbsp;<a href=\"https:\/\/www.ub.fu-berlin.de\/bibliothek\/uneu\/\">Dokumentationszentrum UN-EU<\/a>.<\/div>\n<div title=\"Page 1\"><\/div>\n<p>&nbsp;<\/p>","protected":false},"excerpt":{"rendered":"<p>Der Betrieb des &#8222;Dokumentationszentrums UN &#8211; EU&#8220; wird eingestellt. Die entsprechende Literatur bleibt im Bestand und ist weiterhin zug\u00e4nglich. Im M\u00e4rz 2020 hat die EU-Kommission eine ambitionierte neue Gleichstellungsstrategie vorgestellt. Dann kam Corona. Die Krise b\u00fcrdet vor allem Frauen eine \u00fcberproportionale Last auf. Weltweit droht eine &#8222;Re-Traditionalisierung&#8220; der Geschlechterverh\u00e4ltnisse. Umso wichtiger ist es, an den &hellip; <a href=\"https:\/\/blogs.fu-berlin.de\/bibliotheken\/2020\/06\/14\/digitalen-expertinnen-gespraech-fair-share-gleichstellung-in-zeiten-von-corona\/\" class=\"more-link\"><span class=\"screen-reader-text\">\u201eDigitalen Expertinnen-Gespr\u00e4ch \u201eFair Share \u2013 Gleichstellung in Zeiten von Corona\u201c\u201c<\/span> weiterlesen<\/a><\/p>\n","protected":false},"author":2907,"featured_media":0,"comment_status":"open","ping_status":"open","sticky":false,"template":"","format":"standard","meta":{"footnotes":""},"categories":[9,70],"tags":[318204,237878,2458,218460,318207,318206,227414,318205],"class_list":["post-26962","post","type-post","status-publish","format-standard","hentry","category-allgemein","category-veranstaltungen","tag-bundesministerium-fuer-familie","tag-deutsche-ratspraesidentschaft-2020","tag-dokumentationszentrum-un-eu","tag-eu-kommission","tag-europaeische-gleichstellungsstrategie","tag-frauen-und-jugend","tag-gleichstellung","tag-senioren"],"_links":{"self":[{"href":"https:\/\/blogs.fu-berlin.de\/bibliotheken\/wp-json\/wp\/v2\/posts\/26962","targetHints":{"allow":["GET"]}}],"collection":[{"href":"https:\/\/blogs.fu-berlin.de\/bibliotheken\/wp-json\/wp\/v2\/posts"}],"about":[{"href":"https:\/\/blogs.fu-berlin.de\/bibliotheken\/wp-json\/wp\/v2\/types\/post"}],"author":[{"embeddable":true,"href":"https:\/\/blogs.fu-berlin.de\/bibliotheken\/wp-json\/wp\/v2\/users\/2907"}],"replies":[{"embeddable":true,"href":"https:\/\/blogs.fu-berlin.de\/bibliotheken\/wp-json\/wp\/v2\/comments?post=26962"}],"version-history":[{"count":12,"href":"https:\/\/blogs.fu-berlin.de\/bibliotheken\/wp-json\/wp\/v2\/posts\/26962\/revisions"}],"predecessor-version":[{"id":29081,"href":"https:\/\/blogs.fu-berlin.de\/bibliotheken\/wp-json\/wp\/v2\/posts\/26962\/revisions\/29081"}],"wp:attachment":[{"href":"https:\/\/blogs.fu-berlin.de\/bibliotheken\/wp-json\/wp\/v2\/media?parent=26962"}],"wp:term":[{"taxonomy":"category","embeddable":true,"href":"https:\/\/blogs.fu-berlin.de\/bibliotheken\/wp-json\/wp\/v2\/categories?post=26962"},{"taxonomy":"post_tag","embeddable":true,"href":"https:\/\/blogs.fu-berlin.de\/bibliotheken\/wp-json\/wp\/v2\/tags?post=26962"}],"curies":[{"name":"wp","href":"https:\/\/api.w.org\/{rel}","templated":true}]}}