{"id":26972,"date":"2020-06-19T12:00:27","date_gmt":"2020-06-19T11:00:27","guid":{"rendered":"https:\/\/blogs.fu-berlin.de\/bibliotheken\/?p=26972"},"modified":"2021-09-13T10:33:43","modified_gmt":"2021-09-13T09:33:43","slug":"20-juni-world-refugee-day-weltfluechtlingstag","status":"publish","type":"post","link":"https:\/\/blogs.fu-berlin.de\/bibliotheken\/2020\/06\/19\/20-juni-world-refugee-day-weltfluechtlingstag\/","title":{"rendered":"20. Juni: World Refugee Day &#8211; Weltfl\u00fcchtlingstag"},"content":{"rendered":"\n<p><em><span class=\"has-inline-color has-bright-red-color\">Der Betrieb des &#8222;Dokumentationszentrums UN &#8211; EU&#8220; wird eingestellt. Die entsprechende Literatur bleibt im Bestand und ist weiterhin zug\u00e4nglich.<\/span><\/em><\/p>\n\n\n<p><figure id=\"attachment_27031\" aria-describedby=\"caption-attachment-27031\" style=\"width: 300px\" class=\"wp-caption alignright\"><img loading=\"lazy\" decoding=\"async\" class=\"size-medium wp-image-27031\" src=\"https:\/\/blogs.fu-berlin.de\/bibliotheken\/files\/2020\/06\/fence-3585348_1920-300x182.jpg\" alt=\"\" width=\"300\" height=\"182\" srcset=\"https:\/\/blogs.fu-berlin.de\/bibliotheken\/files\/2020\/06\/fence-3585348_1920-300x182.jpg 300w, https:\/\/blogs.fu-berlin.de\/bibliotheken\/files\/2020\/06\/fence-3585348_1920-1200x728.jpg 1200w, https:\/\/blogs.fu-berlin.de\/bibliotheken\/files\/2020\/06\/fence-3585348_1920.jpg 1920w\" sizes=\"auto, (max-width: 300px) 85vw, 300px\" \/><figcaption id=\"caption-attachment-27031\" class=\"wp-caption-text\">Quelle: Gerd Altmann auf Pixabay<\/figcaption><\/figure><\/p>\n<p>1950 wurde das B\u00fcro des <a href=\"https:\/\/www.unhcr.org\">Hohen Fl\u00fcchtlingskommissars der Vereinten Nationen<\/a> (UNHCR) gegr\u00fcndet. Ziel war es, den nach dem 2. Weltkrieg millionenfach gefl\u00fcchteten Europ\u00e4ern zu helfen. Innerhalb von 3 Jahre sollte die Arbeit abgeschlossen sein und das UNHCR wieder aufgel\u00f6st werden.<\/p>\n<p>Es kam anders. Derzeit lassen ca. 20 Menschen pro Minute alles zur\u00fcck, um Krieg, Verfolgung oder Terror zu entkommen. Fl\u00fcchtlinge geh\u00f6ren zu den am st\u00e4rksten gef\u00e4hrdeten Menschen der Welt. Zu ihrem Schutz wurde 1951 die <a href=\"https:\/\/www.unhcr.org\/dach\/wp-content\/uploads\/sites\/27\/2017\/03\/GFK_Pocket_2015_RZ_final_ansicht.pdf\">Fl\u00fcchtlingskonvention<\/a> (Abkommen \u00fcber die Rechtsstellung der Fl\u00fcchtlinge) und 1967 das <a href=\"https:\/\/www.uno-fluechtlingshilfe.de\/uploads\/media\/GFK_Pocket_2015.pdf\">Protokoll \u00fcber die Rechtsstellung der Fl\u00fcchtlinge<\/a> unterzeichnet. Diese beiden Dokumente sind die einzigen globalen Rechtsinstrumente, die ausdr\u00fccklich die Rechte von Fl\u00fcchtlingen und damit ihr Leben sch\u00fctzen.<\/p>\n<p><strong>Der Weltfl\u00fcchtlingstag<\/strong><\/p>\n<p>Am 20. Juni 2001, dem 50. Jahrestag der Konvention von 1951, fand zum ersten Mal der <a href=\"https:\/\/www.unhcr.org\/world-refugee-day.html\">Weltfl\u00fcchtlingstag<\/a> statt. Urspr\u00fcnglich war dieser Tag als Afrika-Fl\u00fcchtlingstag bekannt, bevor die <a href=\"https:\/\/www.un.org\/en\/ga\/\">Generalversammlung der Vereinten Nationen<\/a> ihn im Dezember 2000 offiziell zum Weltfl\u00fcchtlingstag erkl\u00e4rte.<\/p>\n<p>Jedes Jahr finden eine Vielzahl von Veranstaltungen zur Unterst\u00fctzung von Fl\u00fcchtlingen auf der ganzen Welt statt. Beteiligt sind neben Regierungsbeamten, Aufnahmegemeinschaften, Unternehmen, Prominenten, Schulkindern auch die Betroffenen. Der Weltfl\u00fcchtlingstag beleuchtet die Rechte, Bed\u00fcrfnisse und Tr\u00e4ume von Fl\u00fcchtlingen und tr\u00e4gt dazu bei, den politischen Willen und die Ressourcen zu mobilisieren, damit Fl\u00fcchtlinge nicht nur \u00fcberleben, sondern auch leben k\u00f6nnen.<\/p>\n<p>Internationale Tage wie der Weltfl\u00fcchtlingstag tragen dazu bei, die globale Aufmerksamkeit auf die Notlage derer zu lenken, die vor Konflikten oder Verfolgung fliehen. Viele Aktivit\u00e4ten am Weltfl\u00fcchtlingstag bieten M\u00f6glichkeiten zur Unterst\u00fctzung von Fl\u00fcchtlingen.&nbsp;Aufgrund der weltweiten Corona-Pandemie werden die Veranstaltungen in diesem Jahr vorwiegend virtueller Natur sein. Seien sie trotz Corona dabei, das UNHCR bietet ihnen&nbsp;<a href=\"https:\/\/www.unhcr.org\/refugeeday\/wrd2020-events\/\">hier<\/a>, nach L\u00e4ndern gelistet, die M\u00f6glichkeiten der Beteiligung.<\/p>\n<p>Noch mehr Informationen zur UN bekommen Sie in unserem&nbsp;<a href=\"https:\/\/www.ub.fu-berlin.de\/bibliothek\/uneu\/\">Dokumentationszentrum UN-EU<\/a>.<\/p>\n<p>&nbsp;<\/p>","protected":false},"excerpt":{"rendered":"<p>Der Betrieb des &#8222;Dokumentationszentrums UN &#8211; EU&#8220; wird eingestellt. Die entsprechende Literatur bleibt im Bestand und ist weiterhin zug\u00e4nglich. 1950 wurde das B\u00fcro des Hohen Fl\u00fcchtlingskommissars der Vereinten Nationen (UNHCR) gegr\u00fcndet. Ziel war es, den nach dem 2. Weltkrieg millionenfach gefl\u00fcchteten Europ\u00e4ern zu helfen. Innerhalb von 3 Jahre sollte die Arbeit abgeschlossen sein und das &hellip; <a href=\"https:\/\/blogs.fu-berlin.de\/bibliotheken\/2020\/06\/19\/20-juni-world-refugee-day-weltfluechtlingstag\/\" class=\"more-link\"><span class=\"screen-reader-text\">\u201e20. Juni: World Refugee Day &#8211; Weltfl\u00fcchtlingstag\u201c<\/span> weiterlesen<\/a><\/p>\n","protected":false},"author":2907,"featured_media":0,"comment_status":"open","ping_status":"open","sticky":false,"template":"","format":"standard","meta":{"footnotes":""},"categories":[9],"tags":[2458,318220,318219,227479,318211],"class_list":["post-26972","post","type-post","status-publish","format-standard","hentry","category-allgemein","tag-dokumentationszentrum-un-eu","tag-fluechtlingskonvention","tag-generalversammlung-der-vereinten-nationen","tag-unhcr","tag-weltfluechtlingstag"],"_links":{"self":[{"href":"https:\/\/blogs.fu-berlin.de\/bibliotheken\/wp-json\/wp\/v2\/posts\/26972","targetHints":{"allow":["GET"]}}],"collection":[{"href":"https:\/\/blogs.fu-berlin.de\/bibliotheken\/wp-json\/wp\/v2\/posts"}],"about":[{"href":"https:\/\/blogs.fu-berlin.de\/bibliotheken\/wp-json\/wp\/v2\/types\/post"}],"author":[{"embeddable":true,"href":"https:\/\/blogs.fu-berlin.de\/bibliotheken\/wp-json\/wp\/v2\/users\/2907"}],"replies":[{"embeddable":true,"href":"https:\/\/blogs.fu-berlin.de\/bibliotheken\/wp-json\/wp\/v2\/comments?post=26972"}],"version-history":[{"count":15,"href":"https:\/\/blogs.fu-berlin.de\/bibliotheken\/wp-json\/wp\/v2\/posts\/26972\/revisions"}],"predecessor-version":[{"id":29079,"href":"https:\/\/blogs.fu-berlin.de\/bibliotheken\/wp-json\/wp\/v2\/posts\/26972\/revisions\/29079"}],"wp:attachment":[{"href":"https:\/\/blogs.fu-berlin.de\/bibliotheken\/wp-json\/wp\/v2\/media?parent=26972"}],"wp:term":[{"taxonomy":"category","embeddable":true,"href":"https:\/\/blogs.fu-berlin.de\/bibliotheken\/wp-json\/wp\/v2\/categories?post=26972"},{"taxonomy":"post_tag","embeddable":true,"href":"https:\/\/blogs.fu-berlin.de\/bibliotheken\/wp-json\/wp\/v2\/tags?post=26972"}],"curies":[{"name":"wp","href":"https:\/\/api.w.org\/{rel}","templated":true}]}}