{"id":26976,"date":"2020-06-11T16:58:13","date_gmt":"2020-06-11T15:58:13","guid":{"rendered":"https:\/\/blogs.fu-berlin.de\/bibliotheken\/?p=26976"},"modified":"2020-06-11T17:02:36","modified_gmt":"2020-06-11T16:02:36","slug":"geowissenschaftliche-bibliothek-startet-mit-kontaktarmer-ausleihe","status":"publish","type":"post","link":"https:\/\/blogs.fu-berlin.de\/bibliotheken\/2020\/06\/11\/geowissenschaftliche-bibliothek-startet-mit-kontaktarmer-ausleihe\/","title":{"rendered":"Geowissenschaftliche Bibliothek startet mit kontaktarmer Ausleihe"},"content":{"rendered":"<p><a href=\"https:\/\/www.geo.fu-berlin.de\/bibliotheken\/geo\"><img loading=\"lazy\" decoding=\"async\" class=\"alignright wp-image-26978\" src=\"https:\/\/blogs.fu-berlin.de\/bibliotheken\/files\/2020\/06\/Geowiss-300x200.jpg\" alt=\"\" width=\"250\" height=\"167\" srcset=\"https:\/\/blogs.fu-berlin.de\/bibliotheken\/files\/2020\/06\/Geowiss-300x200.jpg 300w, https:\/\/blogs.fu-berlin.de\/bibliotheken\/files\/2020\/06\/Geowiss.jpg 556w\" sizes=\"auto, (max-width: 250px) 85vw, 250px\" \/><\/a>Seit heute hat die <a href=\"https:\/\/www.geo.fu-berlin.de\/bibliotheken\/geo\">Geowissenschaftliche Bibliothek<\/a> mit der kontaktarmen Ausleihe f\u00fcr FU-Angeh\u00f6rige (FU-Studierende, -Dozent*innen, -Mitarbeiter*innen) begonnen. Wir folgen damit weiterhin dem Beispiel von HU und TU und k\u00f6nnen unseren Service vorerst nicht externen Benutzerinnen und Benutzern anbieten.<\/p>\n<p>Die Geowissenschaftliche Bibliothek ist nach den Standorten <a title=\"Startseite Universit\u00e4tsbibliothek\" href=\"https:\/\/www.fu-berlin.de\/sites\/ub\/index.html\">Universit\u00e4tsbibliothek<\/a>, <a title=\"Startseite Bibliothek Rechtswissenschaft\" href=\"https:\/\/www.jura.fu-berlin.de\/bibliothek\/index.html\" target=\"_blank\" rel=\"noopener\">Rechtwissenschaft<\/a>, <a href=\"https:\/\/www.wiwiss.fu-berlin.de\/bibliothek\/index.html\" target=\"_blank\" rel=\"noopener\">Wirtschaftswissenschaft<\/a>, <a href=\"https:\/\/www.polsoz.fu-berlin.de\/bibliothek\/index.html\" target=\"_blank\" rel=\"noopener\">Sozialwissenschaften und Osteuropastudien<\/a>, <a href=\"https:\/\/www.geschkult.fu-berlin.de\/e\/fmi\/bibliothek\/\">Geschichts- und Kulturwissenschaft (FMI)<\/a>, <a href=\"https:\/\/www.geschkult.fu-berlin.de\/e\/khi\/ressourcen\/bibliotheken\/index.html\">Kunstgeschichte (KHI)<\/a> und <a href=\"https:\/\/www.fu-berlin.de\/sites\/campusbib\">Campusbibliothek<\/a> der insgesamt achte Bibliotheksstandort, der mittlerweile ge\u00f6ffnet ist. <strong>Der<\/strong> <strong>Eingang zur Bibliothek erfolgt \u00fcber das Foyer von Haus G. <\/strong>Weitere Bibliotheken werden folgen.<\/p>\n<p>Alle ge\u00f6ffneten H\u00e4user bieten vorerst von Montag bis Freitag, 10:00-16:00 Uhr, <a href=\"https:\/\/www.fu-berlin.de\/sites\/ub\/ueber-uns\/news\/Wiederoeffnung-der-Ausleihe.html\">eingeschr\u00e4nkte Services<\/a> an. FU-Angeh\u00f6rige k\u00f6nnen vorab \u00fcber das <a href=\"https:\/\/primo.fu-berlin.de\">Bibliotheksportal Primo<\/a> Medien vorbestellen und abholen, auch R\u00fcckgaben sind m\u00f6glich. Die Bibliotheken sind ausschlie\u00dflich f\u00fcr die kontaktarme Ausleihe ge\u00f6ffnet \u2013 <strong>Mund- und Nasenschutz<\/strong> sind mitzuf\u00fchren und die bekannten Abstandsregeln\u00a0 einzuhalten. <strong>Die Nutzung der Leses\u00e4le, Arbeitspl\u00e4tze, Freihandbereiche, Kopier- und Scanger\u00e4te sowie PC-Arbeitspl\u00e4tze ist bis auf Weiteres leider nicht m\u00f6glich.<br \/>\n<\/strong><\/p>\n","protected":false},"excerpt":{"rendered":"<p>Seit heute hat die Geowissenschaftliche Bibliothek mit der kontaktarmen Ausleihe f\u00fcr FU-Angeh\u00f6rige (FU-Studierende, -Dozent*innen, -Mitarbeiter*innen) begonnen. Wir folgen damit weiterhin dem Beispiel von HU und TU und k\u00f6nnen unseren Service vorerst nicht externen Benutzerinnen und Benutzern anbieten. Die Geowissenschaftliche Bibliothek ist nach den Standorten Universit\u00e4tsbibliothek, Rechtwissenschaft, Wirtschaftswissenschaft, Sozialwissenschaften und Osteuropastudien, Geschichts- und Kulturwissenschaft (FMI), Kunstgeschichte &hellip; <a href=\"https:\/\/blogs.fu-berlin.de\/bibliotheken\/2020\/06\/11\/geowissenschaftliche-bibliothek-startet-mit-kontaktarmer-ausleihe\/\" class=\"more-link\"><span class=\"screen-reader-text\">\u201eGeowissenschaftliche Bibliothek startet mit kontaktarmer Ausleihe\u201c<\/span> weiterlesen<\/a><\/p>\n","protected":false},"author":293,"featured_media":0,"comment_status":"open","ping_status":"open","sticky":false,"template":"","format":"standard","meta":{"footnotes":""},"categories":[9,599,600],"tags":[1946,237849,318199,1737,1589,237887,318201],"class_list":["post-26976","post","type-post","status-publish","format-standard","hentry","category-allgemein","category-bibliothekswesen","category-fachbibliotheken","tag-ausleihe","tag-corona-pandemie","tag-fachbibliothek","tag-geowissenschaften","tag-geowissenschaftliche-bibliothek","tag-kontaktarm","tag-wiedereroeffnung"],"_links":{"self":[{"href":"https:\/\/blogs.fu-berlin.de\/bibliotheken\/wp-json\/wp\/v2\/posts\/26976","targetHints":{"allow":["GET"]}}],"collection":[{"href":"https:\/\/blogs.fu-berlin.de\/bibliotheken\/wp-json\/wp\/v2\/posts"}],"about":[{"href":"https:\/\/blogs.fu-berlin.de\/bibliotheken\/wp-json\/wp\/v2\/types\/post"}],"author":[{"embeddable":true,"href":"https:\/\/blogs.fu-berlin.de\/bibliotheken\/wp-json\/wp\/v2\/users\/293"}],"replies":[{"embeddable":true,"href":"https:\/\/blogs.fu-berlin.de\/bibliotheken\/wp-json\/wp\/v2\/comments?post=26976"}],"version-history":[{"count":2,"href":"https:\/\/blogs.fu-berlin.de\/bibliotheken\/wp-json\/wp\/v2\/posts\/26976\/revisions"}],"predecessor-version":[{"id":26979,"href":"https:\/\/blogs.fu-berlin.de\/bibliotheken\/wp-json\/wp\/v2\/posts\/26976\/revisions\/26979"}],"wp:attachment":[{"href":"https:\/\/blogs.fu-berlin.de\/bibliotheken\/wp-json\/wp\/v2\/media?parent=26976"}],"wp:term":[{"taxonomy":"category","embeddable":true,"href":"https:\/\/blogs.fu-berlin.de\/bibliotheken\/wp-json\/wp\/v2\/categories?post=26976"},{"taxonomy":"post_tag","embeddable":true,"href":"https:\/\/blogs.fu-berlin.de\/bibliotheken\/wp-json\/wp\/v2\/tags?post=26976"}],"curies":[{"name":"wp","href":"https:\/\/api.w.org\/{rel}","templated":true}]}}