{"id":27021,"date":"2020-07-01T12:00:12","date_gmt":"2020-07-01T11:00:12","guid":{"rendered":"https:\/\/blogs.fu-berlin.de\/bibliotheken\/?p=27021"},"modified":"2021-09-13T10:33:02","modified_gmt":"2021-09-13T09:33:02","slug":"1-juli-2020-die-deutsche-eu-ratspraesidentschaft-beginnt","status":"publish","type":"post","link":"https:\/\/blogs.fu-berlin.de\/bibliotheken\/2020\/07\/01\/1-juli-2020-die-deutsche-eu-ratspraesidentschaft-beginnt\/","title":{"rendered":"1. Juli 2020: Die deutsche EU-Ratspr\u00e4sidentschaft beginnt"},"content":{"rendered":"\n<p><em><span class=\"has-inline-color has-bright-red-color\">Der Betrieb des &#8222;Dokumentationszentrums UN &#8211; EU&#8220; wird eingestellt. Die entsprechende Literatur bleibt im Bestand und ist weiterhin zug\u00e4nglich.<\/span><\/em><\/p>\n\n\n<p>Am 01. Juli 2020 \u00fcbernimmt Deutschland f\u00fcr 6 Monate die <abbr class=\"has-tip tip-bottom\" title=\"\">EU<\/abbr>-Ratspr\u00e4sidentschaft.\u00a0Der <a href=\"https:\/\/europa.eu\/european-union\/about-eu\/institutions-bodies\/european-council_de\">Rat der Europ\u00e4ischen Union<\/a> ist eines der wichtigsten Organe der <abbr title=\"Europ\u00e4ische Union\">EU und<\/abbr>\u00a0tagt je nach Themenbereich in unterschiedlicher Zusammensetzung.<\/p>\n<p>Was hei\u00dft es die EU-Ratspr\u00e4sidentschaft inne zu haben:<\/p>\n<ol>\n<li>Leitung der Sitzungen des Rates und seiner vorbereitenden Aussch\u00fcsse und Arbeitsgruppen (ca. 200) sowie Moderation der Treffen des Rates der Europ\u00e4ischen Union<\/li>\n<li>den Rat gegen\u00fcber den anderen Organen der <abbr title=\"Europ\u00e4ische Union\">EU<\/abbr>, zum Beispiel bei den Verhandlungen \u00fcber <abbr title=\"Europ\u00e4ische Union\">EU<\/abbr>-Gesetzgebungsakte mit dem Europ\u00e4ischem Parlament und der Europ\u00e4ischen Kommission sowie gegen\u00fcber Drittstaaten und internationalen Organisationen zu vertreten<\/li>\n<li>Repr\u00e4sentation der <abbr class=\"has-tip tip-bottom\" title=\"\">EU,\u00a0<\/abbr>gemeinsam mit der Kommission, auf internationaler Ebene<\/li>\n<\/ol>\n<p>Gleichzeitig bildet Deutschland bis Ende 2021 mit Portugal und Slowenien die sogenannte Trio-Pr\u00e4sidentschaft. Nach Deutschland wird Portugal im ersten Halbjahr 2021, anschlie\u00dfend Slowenien im zweiten Halbjahr die Ratspr\u00e4sidentschaft innehaben. Die drei L\u00e4nder formulieren gemeinsame Ziele und erarbeiten ein konkretes Programm, mit dem sich der Rat w\u00e4hrend der drei Pr\u00e4sidentschaften befassen wird. Auf dieser Grundlage stellt jedes der drei L\u00e4nder ein eigenes detaillierteres Sechsmonatsprogramm f\u00fcr die Ratspr\u00e4sidentschaft auf.<\/p>\n<p>Das \u00fcbergeordnete Ziel:\u00a0Europa soll st\u00e4rker, gerechter und nachhaltiger aus der Corona-Pandemie hervorgehen.<\/p>\n<p>Handlungsschwerpunkte werden sein:<\/p>\n<ul class=\"rte--list\">\n<li>die Covid-19-Pandemie und die Bew\u00e4ltigung der sozio-\u00f6konomischen Folgen\u00a0sowie eine Verbesserung des europ\u00e4ischen Krisenmanagements,<\/li>\n<li>die Verhandlungen zum Mehrj\u00e4hrigen Finanzrahmen 2021 bis 2027 zusammen mit dem neuen Wiederaufbaufonds,<\/li>\n<li>das k\u00fcnftige Verh\u00e4ltnis der <abbr title=\"\" data-title=\"Europ\u00e4ische Union\">EU<\/abbr> zum Vereinigten K\u00f6nigreich,<\/li>\n<li>wichtige politische Zielsetzungen der Strategischen Agenda 2019 bis 2024 in den kommenden 18 Monaten\u00a0(Zukunftskonferenz, Klima, Wettbewerbsf\u00e4higkeit, Digitales, Soziales, Europas Rolle in der Welt).<\/li>\n<\/ul>\n<p>Noch mehr Informationen zur EU bekommen Sie in unserem\u00a0<a href=\"https:\/\/www.ub.fu-berlin.de\/bibliothek\/uneu\/\">Dokumentationszentrum UN-EU<\/a>.<\/p>","protected":false},"excerpt":{"rendered":"<p>Der Betrieb des &#8222;Dokumentationszentrums UN &#8211; EU&#8220; wird eingestellt. Die entsprechende Literatur bleibt im Bestand und ist weiterhin zug\u00e4nglich. Am 01. Juli 2020 \u00fcbernimmt Deutschland f\u00fcr 6 Monate die EU-Ratspr\u00e4sidentschaft.\u00a0Der Rat der Europ\u00e4ischen Union ist eines der wichtigsten Organe der EU und\u00a0tagt je nach Themenbereich in unterschiedlicher Zusammensetzung. Was hei\u00dft es die EU-Ratspr\u00e4sidentschaft inne zu &hellip; <a href=\"https:\/\/blogs.fu-berlin.de\/bibliotheken\/2020\/07\/01\/1-juli-2020-die-deutsche-eu-ratspraesidentschaft-beginnt\/\" class=\"more-link\"><span class=\"screen-reader-text\">\u201e1. Juli 2020: Die deutsche EU-Ratspr\u00e4sidentschaft beginnt\u201c<\/span> weiterlesen<\/a><\/p>\n","protected":false},"author":2907,"featured_media":27098,"comment_status":"open","ping_status":"open","sticky":false,"template":"","format":"standard","meta":{"footnotes":""},"categories":[9],"tags":[318216,2458,187960],"class_list":["post-27021","post","type-post","status-publish","format-standard","has-post-thumbnail","hentry","category-allgemein","tag-deutsche-eu-ratspraesidentschaft","tag-dokumentationszentrum-un-eu","tag-rat-der-europaeischen-union"],"_links":{"self":[{"href":"https:\/\/blogs.fu-berlin.de\/bibliotheken\/wp-json\/wp\/v2\/posts\/27021","targetHints":{"allow":["GET"]}}],"collection":[{"href":"https:\/\/blogs.fu-berlin.de\/bibliotheken\/wp-json\/wp\/v2\/posts"}],"about":[{"href":"https:\/\/blogs.fu-berlin.de\/bibliotheken\/wp-json\/wp\/v2\/types\/post"}],"author":[{"embeddable":true,"href":"https:\/\/blogs.fu-berlin.de\/bibliotheken\/wp-json\/wp\/v2\/users\/2907"}],"replies":[{"embeddable":true,"href":"https:\/\/blogs.fu-berlin.de\/bibliotheken\/wp-json\/wp\/v2\/comments?post=27021"}],"version-history":[{"count":11,"href":"https:\/\/blogs.fu-berlin.de\/bibliotheken\/wp-json\/wp\/v2\/posts\/27021\/revisions"}],"predecessor-version":[{"id":29077,"href":"https:\/\/blogs.fu-berlin.de\/bibliotheken\/wp-json\/wp\/v2\/posts\/27021\/revisions\/29077"}],"wp:featuredmedia":[{"embeddable":true,"href":"https:\/\/blogs.fu-berlin.de\/bibliotheken\/wp-json\/wp\/v2\/media\/27098"}],"wp:attachment":[{"href":"https:\/\/blogs.fu-berlin.de\/bibliotheken\/wp-json\/wp\/v2\/media?parent=27021"}],"wp:term":[{"taxonomy":"category","embeddable":true,"href":"https:\/\/blogs.fu-berlin.de\/bibliotheken\/wp-json\/wp\/v2\/categories?post=27021"},{"taxonomy":"post_tag","embeddable":true,"href":"https:\/\/blogs.fu-berlin.de\/bibliotheken\/wp-json\/wp\/v2\/tags?post=27021"}],"curies":[{"name":"wp","href":"https:\/\/api.w.org\/{rel}","templated":true}]}}