{"id":27035,"date":"2020-06-16T08:46:00","date_gmt":"2020-06-16T07:46:00","guid":{"rendered":"https:\/\/blogs.fu-berlin.de\/bibliotheken\/?p=27035"},"modified":"2020-06-18T17:17:43","modified_gmt":"2020-06-18T16:17:43","slug":"universitaetsbibliothek-oeffnet-ausleihe-fuer-externe-nutzerinnen-und-nutzer","status":"publish","type":"post","link":"https:\/\/blogs.fu-berlin.de\/bibliotheken\/2020\/06\/16\/universitaetsbibliothek-oeffnet-ausleihe-fuer-externe-nutzerinnen-und-nutzer\/","title":{"rendered":"Universit\u00e4tsbibliothek \u00f6ffnet Ausleihe f\u00fcr externe Nutzerinnen und Nutzer"},"content":{"rendered":"<p><a href=\"https:\/\/www.fu-berlin.de\/sites\/ub\/index.html\"><img loading=\"lazy\" decoding=\"async\" class=\"alignright wp-image-27037\" src=\"https:\/\/blogs.fu-berlin.de\/bibliotheken\/files\/2020\/06\/UB-300x200.jpg\" alt=\"\" width=\"225\" height=\"150\" srcset=\"https:\/\/blogs.fu-berlin.de\/bibliotheken\/files\/2020\/06\/UB-300x200.jpg 300w, https:\/\/blogs.fu-berlin.de\/bibliotheken\/files\/2020\/06\/UB.jpg 930w\" sizes=\"auto, (max-width: 225px) 85vw, 225px\" \/><\/a>Ab heute ist die Ausleihe von Medien in der <a href=\"https:\/\/www.fu-berlin.de\/sites\/ub\/index.html\">Universit\u00e4tsbibliothek<\/a> auch f\u00fcr externe Nutzerinnen und Nutzer ge\u00f6ffnet.<\/p>\n<p>Gew\u00fcnschte Titel m\u00fcssen \u00fcber das <a href=\"https:\/\/primo.fu-berlin.de\">Bibliotheksportal Primo<\/a> vorbestellt werden. Die Abholung in der Leihstelle der Universit\u00e4tsbibliothek kann von Montag bis Freitag, 10:00-16:00 Uhr, erfolgen. <strong>Bitte kommen Sie erst in die Universit\u00e4tsbibliothek, wenn Sie eine Abholbenachrichtigung \u00fcber die Bereitstellung der bestellten Medien erhalten haben!<\/strong><\/p>\n<p>Neben der Universit\u00e4tsbibliothek bieten mittlerweile acht weitere Bibliotheken ebenfalls von Montag bis Freitag,\u00a010:00-16:00 Uhr, <a href=\"https:\/\/www.fu-berlin.de\/sites\/ub\/ueber-uns\/news\/Wiederoeffnung-der-Ausleihe.html\">eingeschr\u00e4nkte Services<\/a> nur f\u00fcr FU-Angeh\u00f6rige (FU-Studierende, -Dozent*innen, -Mitarbeiter*innen) an. FU-Angeh\u00f6rige k\u00f6nnen vorab \u00fcber Primo Medien vorbestellen und abholen, auch R\u00fcckgaben sind m\u00f6glich. Die Bibliotheken sind ausschlie\u00dflich f\u00fcr die kontaktarme Ausleihe ge\u00f6ffnet \u2013 <strong>Mund- und Nasenschutz<\/strong> sind mitzuf\u00fchren und die bekannten Abstandsregeln einzuhalten. <strong>Die Nutzung der Leses\u00e4le, Arbeitspl\u00e4tze, Freihandbereiche, Kopier- und Scanger\u00e4te sowie PC-Arbeitspl\u00e4tze ist bis auf Weiteres leider nicht m\u00f6glich.<\/strong><\/p>\n<p><strong>UPDATE, 18.06.:\u00a0<\/strong>Auch <a href=\"https:\/\/www.fu-berlin.de\/sites\/ub\/literatursuche\/fernleihe\/index.html\">Fernleihbestellungen<\/a> sind f\u00fcr externe Nutzerinnen und Nutzer wieder m\u00f6glich!<\/p>\n","protected":false},"excerpt":{"rendered":"<p>Ab heute ist die Ausleihe von Medien in der Universit\u00e4tsbibliothek auch f\u00fcr externe Nutzerinnen und Nutzer ge\u00f6ffnet. Gew\u00fcnschte Titel m\u00fcssen \u00fcber das Bibliotheksportal Primo vorbestellt werden. Die Abholung in der Leihstelle der Universit\u00e4tsbibliothek kann von Montag bis Freitag, 10:00-16:00 Uhr, erfolgen. Bitte kommen Sie erst in die Universit\u00e4tsbibliothek, wenn Sie eine Abholbenachrichtigung \u00fcber die Bereitstellung &hellip; <a href=\"https:\/\/blogs.fu-berlin.de\/bibliotheken\/2020\/06\/16\/universitaetsbibliothek-oeffnet-ausleihe-fuer-externe-nutzerinnen-und-nutzer\/\" class=\"more-link\"><span class=\"screen-reader-text\">\u201eUniversit\u00e4tsbibliothek \u00f6ffnet Ausleihe f\u00fcr externe Nutzerinnen und Nutzer\u201c<\/span> weiterlesen<\/a><\/p>\n","protected":false},"author":293,"featured_media":0,"comment_status":"open","ping_status":"open","sticky":false,"template":"","format":"standard","meta":{"footnotes":""},"categories":[9,599,601],"tags":[1946,318218,57467],"class_list":["post-27035","post","type-post","status-publish","format-standard","hentry","category-allgemein","category-bibliothekswesen","category-universitatsbibliothek","tag-ausleihe","tag-externe-benutzer","tag-universitatsbibliothek"],"_links":{"self":[{"href":"https:\/\/blogs.fu-berlin.de\/bibliotheken\/wp-json\/wp\/v2\/posts\/27035","targetHints":{"allow":["GET"]}}],"collection":[{"href":"https:\/\/blogs.fu-berlin.de\/bibliotheken\/wp-json\/wp\/v2\/posts"}],"about":[{"href":"https:\/\/blogs.fu-berlin.de\/bibliotheken\/wp-json\/wp\/v2\/types\/post"}],"author":[{"embeddable":true,"href":"https:\/\/blogs.fu-berlin.de\/bibliotheken\/wp-json\/wp\/v2\/users\/293"}],"replies":[{"embeddable":true,"href":"https:\/\/blogs.fu-berlin.de\/bibliotheken\/wp-json\/wp\/v2\/comments?post=27035"}],"version-history":[{"count":4,"href":"https:\/\/blogs.fu-berlin.de\/bibliotheken\/wp-json\/wp\/v2\/posts\/27035\/revisions"}],"predecessor-version":[{"id":27059,"href":"https:\/\/blogs.fu-berlin.de\/bibliotheken\/wp-json\/wp\/v2\/posts\/27035\/revisions\/27059"}],"wp:attachment":[{"href":"https:\/\/blogs.fu-berlin.de\/bibliotheken\/wp-json\/wp\/v2\/media?parent=27035"}],"wp:term":[{"taxonomy":"category","embeddable":true,"href":"https:\/\/blogs.fu-berlin.de\/bibliotheken\/wp-json\/wp\/v2\/categories?post=27035"},{"taxonomy":"post_tag","embeddable":true,"href":"https:\/\/blogs.fu-berlin.de\/bibliotheken\/wp-json\/wp\/v2\/tags?post=27035"}],"curies":[{"name":"wp","href":"https:\/\/api.w.org\/{rel}","templated":true}]}}