{"id":27054,"date":"2020-06-18T16:58:29","date_gmt":"2020-06-18T15:58:29","guid":{"rendered":"https:\/\/blogs.fu-berlin.de\/bibliotheken\/?p=27054"},"modified":"2020-06-18T17:07:44","modified_gmt":"2020-06-18T16:07:44","slug":"meteorologische-bibliothek-fuer-die-kontaktarme-ausleihe-geoeffnet","status":"publish","type":"post","link":"https:\/\/blogs.fu-berlin.de\/bibliotheken\/2020\/06\/18\/meteorologische-bibliothek-fuer-die-kontaktarme-ausleihe-geoeffnet\/","title":{"rendered":"Meteorologische Bibliothek f\u00fcr die kontaktarme Ausleihe ge\u00f6ffnet"},"content":{"rendered":"<p><a href=\"https:\/\/www.geo.fu-berlin.de\/met\/bibliothek\/index.html\"><img loading=\"lazy\" decoding=\"async\" class=\"alignright wp-image-27055\" src=\"https:\/\/blogs.fu-berlin.de\/bibliotheken\/files\/2020\/06\/Meteorologie-300x151.jpg\" alt=\"\" width=\"225\" height=\"113\" srcset=\"https:\/\/blogs.fu-berlin.de\/bibliotheken\/files\/2020\/06\/Meteorologie-300x151.jpg 300w, https:\/\/blogs.fu-berlin.de\/bibliotheken\/files\/2020\/06\/Meteorologie.jpg 556w\" sizes=\"auto, (max-width: 225px) 85vw, 225px\" \/><\/a>Seit gestern hat die <a href=\"https:\/\/www.geo.fu-berlin.de\/met\/bibliothek\/index.html\">Meteorologische Bibliothek<\/a> mit der kontaktarmen Ausleihe f\u00fcr FU-Angeh\u00f6rige (FU-Studierende, -Dozent*innen, -Mitarbeiter*innen) begonnen.<\/p>\n<p>Die Meteorologische Bibliothek ist nach den Standorten <a title=\"Startseite Universit\u00e4tsbibliothek\" href=\"https:\/\/www.fu-berlin.de\/sites\/ub\/index.html\">Universit\u00e4tsbibliothek<\/a>, <a title=\"Startseite Bibliothek Rechtswissenschaft\" href=\"https:\/\/www.jura.fu-berlin.de\/bibliothek\/index.html\" target=\"_blank\" rel=\"noopener\">Rechtwissenschaft<\/a>, <a href=\"https:\/\/www.wiwiss.fu-berlin.de\/bibliothek\/index.html\" target=\"_blank\" rel=\"noopener\">Wirtschaftswissenschaft<\/a>, <a href=\"https:\/\/www.polsoz.fu-berlin.de\/bibliothek\/index.html\" target=\"_blank\" rel=\"noopener\">Sozialwissenschaften und Osteuropastudien<\/a>, <a href=\"https:\/\/www.geschkult.fu-berlin.de\/e\/fmi\/bibliothek\/\">Geschichts- und Kulturwissenschaft (FMI)<\/a>, <a href=\"https:\/\/www.geschkult.fu-berlin.de\/e\/khi\/ressourcen\/bibliotheken\/index.html\">Kunstgeschichte (KHI)<\/a>,\u00a0<a href=\"https:\/\/www.fu-berlin.de\/sites\/campusbib\">Campusbibliothek<\/a>, <a href=\"https:\/\/www.geo.fu-berlin.de\/bibliotheken\/geo\/index.html\">Geowissenschaften<\/a> und <a href=\"https:\/\/www.fu-berlin.de\/sites\/philbib\/04Nutzungshinweise\/Ausleihebedingungen-bis-zum-01_11_2020\/index.html\">Philologische Bibliothek<\/a>\u00a0(nur Ausleihe in die Campusbibliothek) der insgesamt zehnte Standort, der seine Best\u00e4nde mittlerweile wieder zur Verf\u00fcgung stellt.\u00a0<strong>Eine \u00dcbergabe der Medien erfolgt nach Absprache im Foyer des Instituts f\u00fcr Meteorologie. Die Medienausgabe wird am Mittwoch und Donnerstag in der Zeit von 10-16 Uhr m\u00f6glich sein (Bitte anrufen unter 030\/838-71163).\u00a0Bitte kommen Sie erst zur Medienausgabe, wenn Sie eine Abholbenachrichtigung \u00fcber die Bereitstellung der bestellten Medien erhalten haben!\u00a0<\/strong>Weitere Bibliotheken werden folgen.<\/p>\n<p>Bis auf Philologische Bibliothek und Meteorologische Bibliothek bieten alle anderen ge\u00f6ffneten H\u00e4user vorerst von Montag bis Freitag, 10:00-16:00 Uhr, <a href=\"https:\/\/www.fu-berlin.de\/sites\/ub\/ueber-uns\/news\/Wiederoeffnung-der-Ausleihe.html\">eingeschr\u00e4nkte Services<\/a> an. FU-Angeh\u00f6rige k\u00f6nnen vorab \u00fcber das <a href=\"https:\/\/primo.fu-berlin.de\">Bibliotheksportal Primo<\/a> Medien vorbestellen und abholen, auch R\u00fcckgaben sind m\u00f6glich. Externe Benutzerinnen und Benutzer k\u00f6nnen seit 16. Juni 2020 <a href=\"https:\/\/blogs.fu-berlin.de\/bibliotheken\/2020\/06\/16\/universitaetsbibliothek-oeffnet-ausleihe-fuer-externe-nutzerinnen-und-nutzer\/\">in der Universit\u00e4tsbibliothek<\/a> Medien ausleihen und auch wieder die <a href=\"https:\/\/www.fu-berlin.de\/sites\/ub\/literatursuche\/fernleihe\/index.html\">Fernleihe<\/a> nutzen. Die Bibliotheken sind ausschlie\u00dflich f\u00fcr die kontaktarme Ausleihe ge\u00f6ffnet \u2013 <strong>Mund- und Nasenschutz<\/strong> sind mitzuf\u00fchren und die bekannten Abstandsregeln\u00a0 einzuhalten. <strong>Die Nutzung der Leses\u00e4le, Arbeitspl\u00e4tze, Freihandbereiche, Kopier- und Scanger\u00e4te sowie PC-Arbeitspl\u00e4tze ist bis auf Weiteres leider nicht m\u00f6glich.<br \/>\n<\/strong><\/p>\n","protected":false},"excerpt":{"rendered":"<p>Seit gestern hat die Meteorologische Bibliothek mit der kontaktarmen Ausleihe f\u00fcr FU-Angeh\u00f6rige (FU-Studierende, -Dozent*innen, -Mitarbeiter*innen) begonnen. Die Meteorologische Bibliothek ist nach den Standorten Universit\u00e4tsbibliothek, Rechtwissenschaft, Wirtschaftswissenschaft, Sozialwissenschaften und Osteuropastudien, Geschichts- und Kulturwissenschaft (FMI), Kunstgeschichte (KHI),\u00a0Campusbibliothek, Geowissenschaften und Philologische Bibliothek\u00a0(nur Ausleihe in die Campusbibliothek) der insgesamt zehnte Standort, der seine Best\u00e4nde mittlerweile wieder zur Verf\u00fcgung stellt.\u00a0Eine &hellip; <a href=\"https:\/\/blogs.fu-berlin.de\/bibliotheken\/2020\/06\/18\/meteorologische-bibliothek-fuer-die-kontaktarme-ausleihe-geoeffnet\/\" class=\"more-link\"><span class=\"screen-reader-text\">\u201eMeteorologische Bibliothek f\u00fcr die kontaktarme Ausleihe ge\u00f6ffnet\u201c<\/span> weiterlesen<\/a><\/p>\n","protected":false},"author":293,"featured_media":0,"comment_status":"open","ping_status":"open","sticky":false,"template":"","format":"standard","meta":{"footnotes":""},"categories":[9,599,600],"tags":[1946,318199,318221],"class_list":["post-27054","post","type-post","status-publish","format-standard","hentry","category-allgemein","category-bibliothekswesen","category-fachbibliotheken","tag-ausleihe","tag-fachbibliothek","tag-meteorologische-bibliothek"],"_links":{"self":[{"href":"https:\/\/blogs.fu-berlin.de\/bibliotheken\/wp-json\/wp\/v2\/posts\/27054","targetHints":{"allow":["GET"]}}],"collection":[{"href":"https:\/\/blogs.fu-berlin.de\/bibliotheken\/wp-json\/wp\/v2\/posts"}],"about":[{"href":"https:\/\/blogs.fu-berlin.de\/bibliotheken\/wp-json\/wp\/v2\/types\/post"}],"author":[{"embeddable":true,"href":"https:\/\/blogs.fu-berlin.de\/bibliotheken\/wp-json\/wp\/v2\/users\/293"}],"replies":[{"embeddable":true,"href":"https:\/\/blogs.fu-berlin.de\/bibliotheken\/wp-json\/wp\/v2\/comments?post=27054"}],"version-history":[{"count":3,"href":"https:\/\/blogs.fu-berlin.de\/bibliotheken\/wp-json\/wp\/v2\/posts\/27054\/revisions"}],"predecessor-version":[{"id":27176,"href":"https:\/\/blogs.fu-berlin.de\/bibliotheken\/wp-json\/wp\/v2\/posts\/27054\/revisions\/27176"}],"wp:attachment":[{"href":"https:\/\/blogs.fu-berlin.de\/bibliotheken\/wp-json\/wp\/v2\/media?parent=27054"}],"wp:term":[{"taxonomy":"category","embeddable":true,"href":"https:\/\/blogs.fu-berlin.de\/bibliotheken\/wp-json\/wp\/v2\/categories?post=27054"},{"taxonomy":"post_tag","embeddable":true,"href":"https:\/\/blogs.fu-berlin.de\/bibliotheken\/wp-json\/wp\/v2\/tags?post=27054"}],"curies":[{"name":"wp","href":"https:\/\/api.w.org\/{rel}","templated":true}]}}