{"id":27060,"date":"2020-06-19T10:25:54","date_gmt":"2020-06-19T09:25:54","guid":{"rendered":"https:\/\/blogs.fu-berlin.de\/bibliotheken\/?p=27060"},"modified":"2020-06-19T11:00:55","modified_gmt":"2020-06-19T10:00:55","slug":"erster-bundesweiter-digitaltag-gestartet","status":"publish","type":"post","link":"https:\/\/blogs.fu-berlin.de\/bibliotheken\/2020\/06\/19\/erster-bundesweiter-digitaltag-gestartet\/","title":{"rendered":"Erster bundesweiter &#8222;Digitaltag&#8220; gestartet"},"content":{"rendered":"<p><a href=\"https:\/\/digitaltag.eu\/\"><img loading=\"lazy\" decoding=\"async\" class=\"alignright wp-image-27063\" src=\"https:\/\/blogs.fu-berlin.de\/bibliotheken\/files\/2020\/06\/Digitaltag2020_RGB_mit-Schutzraum-300x116.jpg\" alt=\"\" width=\"225\" height=\"87\" srcset=\"https:\/\/blogs.fu-berlin.de\/bibliotheken\/files\/2020\/06\/Digitaltag2020_RGB_mit-Schutzraum-300x116.jpg 300w, https:\/\/blogs.fu-berlin.de\/bibliotheken\/files\/2020\/06\/Digitaltag2020_RGB_mit-Schutzraum.jpg 572w\" sizes=\"auto, (max-width: 225px) 85vw, 225px\" \/><\/a>Unter dem Motto \u201eDigitale Teilhabe nachhaltig f\u00f6rdern\u201c ist am heutigen Freitag, den 19. Juni 2020, erstmalig der <a href=\"http:\/\/www.digitaltag.eu\">Digitaltag<\/a>, ein bundesweiter Aktionstag gestartet. Tr\u00e4gerin ist die Initiative \u201eDigital f\u00fcr alle\u201c, in der \u00fcber 25 Organisationen aus den Bereichen Zivilgesellschaft, Kultur, Wissenschaft, Wirtschaft, Wohlfahrt und \u00f6ffentliche Hand versammelt sind. Mit dabei sind u. a. die Bitkom, die Deutsche Forschungsgemeinschaft (dfg), der Deutsche Bibliotheksverband (dbv), die Hochschulrektorenkonferenz oder Wissenschaft im Dialog.<\/p>\n<p><strong>Digitaltag bringt Menschen in ganz Deutschland virtuell zusammen<\/strong><\/p>\n<p>Der Aktionstag macht heute <strong>von 10 Uhr bis 21 Uhr<\/strong> die Digitalisierung mit \u00fcber 1400 Online-Formaten erlebbar, darunter Webcasts, Webinare, Live-Streams, Online-Beratungen, virtuelle F\u00fchrungen, Tutorials oder Hackathons. Wege zur digitalen Teilhabe sollen aufgezeigt, aber auch Raum f\u00fcr kontroverse Debatten geschaffen werden. Alle Menschen in Deutschland sollen in die Lage versetzt werden, sich selbstbewusst und selbstbestimmt in der digitalen Welt zu bewegen.<\/p>\n<p>Die zahlreichen Aktivit\u00e4ten werden auf www.digitaltag.eu unter den Punkten <a href=\"https:\/\/digitaltag.eu\/programm\">Programm<\/a> bzw.\u00a0 <a href=\"https:\/\/digitaltag.eu\/aktionen\">Aktionen<\/a> (siehe auch <a href=\"https:\/\/digitaltag.eu\/aktionslandkarte\">interaktive Deutschlandkarte<\/a>) geordnet, um es jeder B\u00fcrgerin und jedem B\u00fcrger zu erm\u00f6glichen, sich ein individuelles Programm zusammenzustellen. Nach der Premiere am 19. Juni 2020 soll der Digitaltag k\u00fcnftig j\u00e4hrlich durchgef\u00fchrt werden (aufgrund der aktuellen Entwicklungen um die COVID-19-Pandemie wurde das Format kurzerhand angepasst und in den virtuellen Raum verlegt). Zudem wurde zum Start\u00a0 des Digitaltags ein <a href=\"https:\/\/digitaltag.eu\/preis-fuer-digitales-miteinander\">Preis f\u00fcr digitales Miteinander<\/a> an drei Projekte verliehen, zu dem Bundespr\u00e4sident Frank-Walter Steinmeier virtuell ins Schloss Bellevue einlud.<\/p>\n<p>Unter dem Hashtag <strong>#digitalmiteinander<\/strong> (siehe auch <a href=\"https:\/\/twitter.com\/search?q=%23digitalmiteinander&amp;src=typed_query\">Twitter<\/a>) soll der Digitaltag\u00a0in ganz Deutschland virtuell zusammenbringen und bietet eine Plattform, um verschiedenste Aspekte der Digitalisierung zu beleuchten, Chancen und Herausforderungen zu diskutieren und einen breiten gesellschaftlichen Dialog anzusto\u00dfen.<\/p>\n<p>Informationen und Hintergr\u00fcnde zur Initiative \u201eDigital f\u00fcr alle\u201c sowie zum Digitaltag, den Aktionen und Beteiligungsm\u00f6glichkeiten gibt es auf der Website <a href=\"http:\/\/www.digitaltag.eu\">www.digitaltag.eu<\/a> bzw. auch via Twitter unter <a href=\"https:\/\/twitter.com\/DigitaltagDE\">@DigitaltagDE<\/a>.<\/p>\n","protected":false},"excerpt":{"rendered":"<p>Unter dem Motto \u201eDigitale Teilhabe nachhaltig f\u00f6rdern\u201c ist am heutigen Freitag, den 19. Juni 2020, erstmalig der Digitaltag, ein bundesweiter Aktionstag gestartet. Tr\u00e4gerin ist die Initiative \u201eDigital f\u00fcr alle\u201c, in der \u00fcber 25 Organisationen aus den Bereichen Zivilgesellschaft, Kultur, Wissenschaft, Wirtschaft, Wohlfahrt und \u00f6ffentliche Hand versammelt sind. Mit dabei sind u. a. die Bitkom, die &hellip; <a href=\"https:\/\/blogs.fu-berlin.de\/bibliotheken\/2020\/06\/19\/erster-bundesweiter-digitaltag-gestartet\/\" class=\"more-link\"><span class=\"screen-reader-text\">\u201eErster bundesweiter &#8222;Digitaltag&#8220; gestartet\u201c<\/span> weiterlesen<\/a><\/p>\n","protected":false},"author":293,"featured_media":0,"comment_status":"open","ping_status":"open","sticky":false,"template":"","format":"standard","meta":{"footnotes":""},"categories":[9,599,604,491,70],"tags":[916,480,318222],"class_list":["post-27060","post","type-post","status-publish","format-standard","hentry","category-allgemein","category-bibliothekswesen","category-ins-netz-geschaut","category-lernangebote-kurse","category-veranstaltungen","tag-deutschland","tag-digitalisierung","tag-digitaltag"],"_links":{"self":[{"href":"https:\/\/blogs.fu-berlin.de\/bibliotheken\/wp-json\/wp\/v2\/posts\/27060","targetHints":{"allow":["GET"]}}],"collection":[{"href":"https:\/\/blogs.fu-berlin.de\/bibliotheken\/wp-json\/wp\/v2\/posts"}],"about":[{"href":"https:\/\/blogs.fu-berlin.de\/bibliotheken\/wp-json\/wp\/v2\/types\/post"}],"author":[{"embeddable":true,"href":"https:\/\/blogs.fu-berlin.de\/bibliotheken\/wp-json\/wp\/v2\/users\/293"}],"replies":[{"embeddable":true,"href":"https:\/\/blogs.fu-berlin.de\/bibliotheken\/wp-json\/wp\/v2\/comments?post=27060"}],"version-history":[{"count":14,"href":"https:\/\/blogs.fu-berlin.de\/bibliotheken\/wp-json\/wp\/v2\/posts\/27060\/revisions"}],"predecessor-version":[{"id":27076,"href":"https:\/\/blogs.fu-berlin.de\/bibliotheken\/wp-json\/wp\/v2\/posts\/27060\/revisions\/27076"}],"wp:attachment":[{"href":"https:\/\/blogs.fu-berlin.de\/bibliotheken\/wp-json\/wp\/v2\/media?parent=27060"}],"wp:term":[{"taxonomy":"category","embeddable":true,"href":"https:\/\/blogs.fu-berlin.de\/bibliotheken\/wp-json\/wp\/v2\/categories?post=27060"},{"taxonomy":"post_tag","embeddable":true,"href":"https:\/\/blogs.fu-berlin.de\/bibliotheken\/wp-json\/wp\/v2\/tags?post=27060"}],"curies":[{"name":"wp","href":"https:\/\/api.w.org\/{rel}","templated":true}]}}