{"id":27189,"date":"2020-07-02T13:23:07","date_gmt":"2020-07-02T12:23:07","guid":{"rendered":"https:\/\/blogs.fu-berlin.de\/bibliotheken\/?p=27189"},"modified":"2020-07-02T13:25:20","modified_gmt":"2020-07-02T12:25:20","slug":"erste-bibliotheken-bieten-wieder-arbeitsplaetze-an","status":"publish","type":"post","link":"https:\/\/blogs.fu-berlin.de\/bibliotheken\/2020\/07\/02\/erste-bibliotheken-bieten-wieder-arbeitsplaetze-an\/","title":{"rendered":"Erste FU-Bibliotheken bieten wieder Arbeitspl\u00e4tze an"},"content":{"rendered":"\n<p>Seit dem 1. Juli 2020 bieten die Universit\u00e4tsbibliothek sowie die Bibliothek des Kunsthistorischen Instituts und des&nbsp;Friedrich-Meinecke-Instituts der FU Berlin Einzelarbeitspl\u00e4tze an. Aufgrund der notwendigen Ma\u00dfnahmen zur Hygiene ist die Anzahl der verf\u00fcgbaren Arbeitspl\u00e4tze limitiert. Eine Voranmeldung f\u00fcr die Nutzung dieses Angebots ist deshalb notwendig.<\/p>\n\n\n\n<figure class=\"wp-block-image size-large is-resized\"><img decoding=\"async\" src=\"https:\/\/blogs.fu-berlin.de\/bibliotheken\/files\/2020\/06\/UB.jpg\" alt=\"\" class=\"wp-image-27037\" width=\"500\" srcset=\"https:\/\/blogs.fu-berlin.de\/bibliotheken\/files\/2020\/06\/UB.jpg 930w, https:\/\/blogs.fu-berlin.de\/bibliotheken\/files\/2020\/06\/UB-300x200.jpg 300w\" sizes=\"(max-width: 709px) 85vw, (max-width: 909px) 67vw, (max-width: 1362px) 62vw, 840px\" \/><figcaption>Eingang zur Universit\u00e4tsbibliothek, Garystr. 39<\/figcaption><\/figure>\n\n\n\n<p>Die Einzelarbeitspl\u00e4tze in der <a href=\"https:\/\/www.fu-berlin.de\/sites\/ub\"><strong>Universit\u00e4tsbibliothek<\/strong><\/a> verteilten sich im 1. Stock \u00fcber das Informationszentrum und die Gruppenarbeitsr\u00e4ume. Insgesamt stehen 27 Einzelarbeitspl\u00e4tze &#8222;nur&#8220; <strong>f\u00fcr FU-Angeh\u00f6rige<\/strong> zur Buchung bereit. Reservierungen sind sowohl im Voraus als auch f\u00fcr den aktuellen Tag m\u00f6glich. Daf\u00fcr wird ein Online-Raumbuchungssystem  eingesetzt, das man mit dem FU-Account  nutzen kann. Die maximale Nutzungszeit des Einzelarbeitsplatzes betr\u00e4gt drei Stunden pro Tag. Weiterf\u00fchrende Informationen zur Hygiene, zum Datenschutz und den Link zur Raumbuchung finden Sie auf der  <a href=\"https:\/\/www.fu-berlin.de\/sites\/ub\/arbeitsplaetze\/gruppen\/raumbuchung1\/index.html\">Website der UB<\/a>.<\/p>\n\n\n\n<figure class=\"wp-block-image size-large is-resized\"><img decoding=\"async\" src=\"https:\/\/blogs.fu-berlin.de\/bibliotheken\/files\/2020\/06\/khi.jpg\" alt=\"\" class=\"wp-image-26886\" width=\"500\" srcset=\"https:\/\/blogs.fu-berlin.de\/bibliotheken\/files\/2020\/06\/khi.jpg 526w, https:\/\/blogs.fu-berlin.de\/bibliotheken\/files\/2020\/06\/khi-300x198.jpg 300w\" sizes=\"(max-width: 526px) 85vw, 526px\" \/><figcaption>Eingang zur Bibliothek des KHI\/FMI, Koserstr. 20<\/figcaption><\/figure>\n\n\n\n<p><a href=\"https:\/\/www.geschkult.fu-berlin.de\/e\/khi\/ressourcen\/bibliotheken\/index.html\"><\/a>In der<strong> <a href=\"https:\/\/www.geschkult.fu-berlin.de\/e\/khi\/ressourcen\/bibliotheken\/index.html\">Bibliothek des Kunsthistorischen Instituts<\/a><\/strong> (KHI) und des&nbsp;<a href=\"https:\/\/www.geschkult.fu-berlin.de\/e\/fmi\/bibliothek\/\"><strong>Friedrich-Meinecke-Instituts<\/strong><\/a> (FMI) werden Reservierungen per E-Mail entgegengenommen. Hier k\u00f6nnen <strong>FU-Angeh\u00f6rige und externe G\u00e4ste<\/strong> einen Einzelarbeitsplatz f\u00fcr einen ganzen \u00d6ffnungstag (max. sechs Stunden) buchen sowie die Kopierr\u00e4ume nutzen (Mensa-\/Campuskarten <strong>nicht<\/strong> im Haus aufladbar!). Weitere Einzelheiten zu u. a. Hygiene und Datenschutz entnehmen Sie bitte der <a href=\"https:\/\/www.geschkult.fu-berlin.de\/e\/khi\/ressourcen\/bibliotheken\/ausleihe_benutzung\/a-z1\/reservierung_arbeitsplatz_corona.html\">Website des KHI<\/a>.<\/p>\n\n\n\n<p>Einen \u00dcberblick \u00fcber die gegenw\u00e4rtigen Bibliotheksservices an der FU Berlin finden Sie <a href=\"https:\/\/www.fu-berlin.de\/sites\/ub\/ueber-uns\/news\/corona.html\">hier<\/a>.<\/p>\n\n\n\n<p><\/p>\n\n\n\n<p><\/p>\n","protected":false},"excerpt":{"rendered":"<p>Seit dem 1. Juli 2020 bieten die Universit\u00e4tsbibliothek sowie die Bibliothek des Kunsthistorischen Instituts und des&nbsp;Friedrich-Meinecke-Instituts der FU Berlin Einzelarbeitspl\u00e4tze an. Aufgrund der notwendigen Ma\u00dfnahmen zur Hygiene ist die Anzahl der verf\u00fcgbaren Arbeitspl\u00e4tze limitiert. Eine Voranmeldung f\u00fcr die Nutzung dieses Angebots ist deshalb notwendig. Die Einzelarbeitspl\u00e4tze in der Universit\u00e4tsbibliothek verteilten sich im 1. Stock \u00fcber &hellip; <a href=\"https:\/\/blogs.fu-berlin.de\/bibliotheken\/2020\/07\/02\/erste-bibliotheken-bieten-wieder-arbeitsplaetze-an\/\" class=\"more-link\"><span class=\"screen-reader-text\">\u201eErste FU-Bibliotheken bieten wieder Arbeitspl\u00e4tze an\u201c<\/span> weiterlesen<\/a><\/p>\n","protected":false},"author":293,"featured_media":0,"comment_status":"open","ping_status":"open","sticky":false,"template":"","format":"standard","meta":{"footnotes":""},"categories":[9,599,600,601],"tags":[318229,318228,318227,909,57467],"class_list":["post-27189","post","type-post","status-publish","format-standard","hentry","category-allgemein","category-bibliothekswesen","category-fachbibliotheken","category-universitatsbibliothek","tag-bibliothek-des-kunhistorischen-instituts","tag-bibliotheks-des-friedrich-meinecke-instituts","tag-einzelarbeitsplaetze","tag-lernort-bibliothek","tag-universitatsbibliothek"],"_links":{"self":[{"href":"https:\/\/blogs.fu-berlin.de\/bibliotheken\/wp-json\/wp\/v2\/posts\/27189","targetHints":{"allow":["GET"]}}],"collection":[{"href":"https:\/\/blogs.fu-berlin.de\/bibliotheken\/wp-json\/wp\/v2\/posts"}],"about":[{"href":"https:\/\/blogs.fu-berlin.de\/bibliotheken\/wp-json\/wp\/v2\/types\/post"}],"author":[{"embeddable":true,"href":"https:\/\/blogs.fu-berlin.de\/bibliotheken\/wp-json\/wp\/v2\/users\/293"}],"replies":[{"embeddable":true,"href":"https:\/\/blogs.fu-berlin.de\/bibliotheken\/wp-json\/wp\/v2\/comments?post=27189"}],"version-history":[{"count":11,"href":"https:\/\/blogs.fu-berlin.de\/bibliotheken\/wp-json\/wp\/v2\/posts\/27189\/revisions"}],"predecessor-version":[{"id":27200,"href":"https:\/\/blogs.fu-berlin.de\/bibliotheken\/wp-json\/wp\/v2\/posts\/27189\/revisions\/27200"}],"wp:attachment":[{"href":"https:\/\/blogs.fu-berlin.de\/bibliotheken\/wp-json\/wp\/v2\/media?parent=27189"}],"wp:term":[{"taxonomy":"category","embeddable":true,"href":"https:\/\/blogs.fu-berlin.de\/bibliotheken\/wp-json\/wp\/v2\/categories?post=27189"},{"taxonomy":"post_tag","embeddable":true,"href":"https:\/\/blogs.fu-berlin.de\/bibliotheken\/wp-json\/wp\/v2\/tags?post=27189"}],"curies":[{"name":"wp","href":"https:\/\/api.w.org\/{rel}","templated":true}]}}