{"id":27231,"date":"2020-07-09T07:14:00","date_gmt":"2020-07-09T06:14:00","guid":{"rendered":"https:\/\/blogs.fu-berlin.de\/bibliotheken\/?p=27231"},"modified":"2021-09-16T13:25:50","modified_gmt":"2021-09-16T12:25:50","slug":"sharethemeal-erreicht-ueber-75-millionen-geteilte-mahlzeiten","status":"publish","type":"post","link":"https:\/\/blogs.fu-berlin.de\/bibliotheken\/2020\/07\/09\/sharethemeal-erreicht-ueber-75-millionen-geteilte-mahlzeiten\/","title":{"rendered":"ShareTheMeal erreicht \u00fcber 75 Millionen geteilte Mahlzeiten"},"content":{"rendered":"\n<div class=\"wp-block-image\"><figure class=\"alignright is-resized\"><img decoding=\"async\" src=\"https:\/\/blogs.fu-berlin.de\/bibliotheken\/files\/2018\/01\/ShareTheMeal_app_FourFamine_mainscreen_Deutsch-WEB.png\" alt=\"\" class=\"wp-image-22367\" width=\"150\" srcset=\"https:\/\/blogs.fu-berlin.de\/bibliotheken\/files\/2018\/01\/ShareTheMeal_app_FourFamine_mainscreen_Deutsch-WEB.png 550w, https:\/\/blogs.fu-berlin.de\/bibliotheken\/files\/2018\/01\/ShareTheMeal_app_FourFamine_mainscreen_Deutsch-WEB-169x300.png 169w\" sizes=\"(max-width: 550px) 85vw, 550px\" \/><figcaption>\u00a9 ShareTheMeal \u2013 Quelle: ShareTheMeal_Press_Kit<\/figcaption><\/figure><\/div>\n\n\n\n<p><em><span class=\"has-inline-color has-bright-red-color\">Der Betrieb des \u201eDokumentationszentrums UN \u2013 EU\u201c wird eingestellt. Die entsprechende Literatur bleibt im Bestand und ist weiterhin zug\u00e4nglich.<\/span><\/em><\/p>\n\n\n\n<p>Die Crowdfunding-App <a href=\"https:\/\/play.google.com\/store\/apps\/details?id=org.sharethemeal.app&amp;referrer=utm_source%3Dstmwebsite%26utm_medium%3Dwebsite%26utm_campaign%3Dpermanent\">&#8222;ShareTheMeal&#8220;<\/a> hat \u00fcber 40 Millionen geteilte Mahlzeiten erreicht. Die App wurde von einem Independent Start-Up aus Berlin im April 2014 entwickelt und ist seit dem Sommer 2015 Teil des <a href=\"https:\/\/de.wfp.org\/\">Weltern\u00e4hrungsprogramms der Vereinten Nationen.<\/a><\/p>\n\n\n\n<p>Als wir zum letzten Mal \u00fcber die App berichtet haben (Juli 2019) hatte die App  bereits \u00fcber 40 Millionen geteilte Mahlzeiten an Menschen in Not-Situationen verteilt. Diese Zahl hat sich nun im Laufe von nur einem Jahr fast verdoppelt. Die Entwickler der App schreiben sich dabei folgende drei Grunds\u00e4tze auf ihre Fahnen: <\/p>\n\n\n\n<h3 class=\"wp-block-heading\">Transparenz<\/h3>\n\n\n\n<p>ShareTheMeal zeigt genau, wo sie arbeiten und was sie erreichen.<\/p>\n\n\n\n<h3 class=\"wp-block-heading\">Effizienz<\/h3>\n\n\n\n<p>Es kostet \u20ac 0,40, um ein hungerndes Kind f\u00fcr einen Tag zu ern\u00e4hren.<\/p>\n\n\n\n<h3 class=\"wp-block-heading\">Nachhaltigkeit<\/h3>\n\n\n\n<p>ShareTheMeal m\u00f6chte Menschen und Gemeinschaften dazu bef\u00e4higen, sich zuk\u00fcnftig selbst zu ern\u00e4hren.<\/p>\n\n\n\n<p>Doch wie funktioniert <a href=\"https:\/\/sharethemeal.org\/de\/\">ShareTheMeal<\/a> eigentlich? Durch eine einmalige Spende von 40 Cent kann ein Kind f\u00fcr einen Tag in einem selbstgew\u00e4hlten Krisen-Gebiet (es stehen immer zeitgleich mehrere Orte zur Auswahl) ern\u00e4hrt werden. Es gibt auch w\u00f6chentliche, monatliche und j\u00e4hrliche Spendenoptionen.<\/p>\n\n\n\n<p>Und was ist der Sinn des Ganzen? Die App verfolgt gemeinsam mit dem Weltern\u00e4hrungsprogramm der Vereinten Nationen eines von insgesamt 17 Zielen f\u00fcr nachhaltige Entwicklung (<a href=\"https:\/\/17ziele.de\/\">https:\/\/17ziele.de\/<\/a>). Ziel des Weltern\u00e4hrungsprogramms der Vereinten Nationen ist es, bis 2030 die Zahl der weltweit hungernden Menschen auf null zu reduzieren.<\/p>\n\n\n\n<p>Noch mehr Informationen zur UN bekommen Sie in unserem <a href=\"https:\/\/www.ub.fu-berlin.de\/bibliothek\/uneu\/\">Dokumentationszentrum UN-EU<\/a>.<\/p>\n","protected":false},"excerpt":{"rendered":"<p>Der Betrieb des \u201eDokumentationszentrums UN \u2013 EU\u201c wird eingestellt. Die entsprechende Literatur bleibt im Bestand und ist weiterhin zug\u00e4nglich. Die Crowdfunding-App &#8222;ShareTheMeal&#8220; hat \u00fcber 40 Millionen geteilte Mahlzeiten erreicht. Die App wurde von einem Independent Start-Up aus Berlin im April 2014 entwickelt und ist seit dem Sommer 2015 Teil des Weltern\u00e4hrungsprogramms der Vereinten Nationen. Als &hellip; <a href=\"https:\/\/blogs.fu-berlin.de\/bibliotheken\/2020\/07\/09\/sharethemeal-erreicht-ueber-75-millionen-geteilte-mahlzeiten\/\" class=\"more-link\"><span class=\"screen-reader-text\">\u201eShareTheMeal erreicht \u00fcber 75 Millionen geteilte Mahlzeiten\u201c<\/span> weiterlesen<\/a><\/p>\n","protected":false},"author":3230,"featured_media":0,"comment_status":"open","ping_status":"open","sticky":false,"template":"","format":"standard","meta":{"footnotes":""},"categories":[9],"tags":[2458,218510,196701],"class_list":["post-27231","post","type-post","status-publish","format-standard","hentry","category-allgemein","tag-dokumentationszentrum-un-eu","tag-sharethemeal","tag-welternaehrungsprogramm-der-vereinten-nationen"],"_links":{"self":[{"href":"https:\/\/blogs.fu-berlin.de\/bibliotheken\/wp-json\/wp\/v2\/posts\/27231","targetHints":{"allow":["GET"]}}],"collection":[{"href":"https:\/\/blogs.fu-berlin.de\/bibliotheken\/wp-json\/wp\/v2\/posts"}],"about":[{"href":"https:\/\/blogs.fu-berlin.de\/bibliotheken\/wp-json\/wp\/v2\/types\/post"}],"author":[{"embeddable":true,"href":"https:\/\/blogs.fu-berlin.de\/bibliotheken\/wp-json\/wp\/v2\/users\/3230"}],"replies":[{"embeddable":true,"href":"https:\/\/blogs.fu-berlin.de\/bibliotheken\/wp-json\/wp\/v2\/comments?post=27231"}],"version-history":[{"count":5,"href":"https:\/\/blogs.fu-berlin.de\/bibliotheken\/wp-json\/wp\/v2\/posts\/27231\/revisions"}],"predecessor-version":[{"id":29609,"href":"https:\/\/blogs.fu-berlin.de\/bibliotheken\/wp-json\/wp\/v2\/posts\/27231\/revisions\/29609"}],"wp:attachment":[{"href":"https:\/\/blogs.fu-berlin.de\/bibliotheken\/wp-json\/wp\/v2\/media?parent=27231"}],"wp:term":[{"taxonomy":"category","embeddable":true,"href":"https:\/\/blogs.fu-berlin.de\/bibliotheken\/wp-json\/wp\/v2\/categories?post=27231"},{"taxonomy":"post_tag","embeddable":true,"href":"https:\/\/blogs.fu-berlin.de\/bibliotheken\/wp-json\/wp\/v2\/tags?post=27231"}],"curies":[{"name":"wp","href":"https:\/\/api.w.org\/{rel}","templated":true}]}}