{"id":27245,"date":"2020-07-16T07:56:00","date_gmt":"2020-07-16T06:56:00","guid":{"rendered":"https:\/\/blogs.fu-berlin.de\/bibliotheken\/?p=27245"},"modified":"2021-09-13T10:30:30","modified_gmt":"2021-09-13T09:30:30","slug":"ziele-fuer-nachhaltige-entwicklung-bericht-fuer-das-jahr-2020-veroeffentlicht","status":"publish","type":"post","link":"https:\/\/blogs.fu-berlin.de\/bibliotheken\/2020\/07\/16\/ziele-fuer-nachhaltige-entwicklung-bericht-fuer-das-jahr-2020-veroeffentlicht\/","title":{"rendered":"Ziele f\u00fcr nachhaltige Entwicklung \u2013 Bericht f\u00fcr das Jahr 2020 ver\u00f6ffentlicht"},"content":{"rendered":"\n<p><em><span class=\"has-inline-color has-bright-red-color\">Der Betrieb des &#8222;Dokumentationszentrums UN &#8211; EU&#8220; wird eingestellt. Die entsprechende Literatur bleibt im Bestand und ist weiterhin zug\u00e4nglich.<\/span><\/em><\/p>\n\n\n\n<p>Vor kurzem wurde der <strong><a href=\"https:\/\/unstats.un.org\/sdgs\/report\/2020\/\">2020 Sustainable Development Goals Report<\/a><\/strong> (Ziele f\u00fcr nachhaltige Entwicklung &#8211; Bericht f\u00fcr das Jahr 2020) in englischer Sprache ver\u00f6ffentlicht. Das&nbsp;<a href=\"https:\/\/www.bmz.de\/de\/index.html\">Bundesministerium f\u00fcr wirtschaftliche Zusammenarbeit und Entwicklung<\/a> gibt die deutsche Fassung heraus &#8211; auf die wir uns allerdings noch ein paar Wochen gedulden m\u00fcssen. <\/p>\n\n\n\n<p>Der Generalsekret\u00e4r der Vereinten Nationen, Ant\u00f3nio Guterres sagt zum neuen Report: &#8222;Everything we do during and after this crisis [COVID-19] must be with a strong focus on building more equal, inclusive and sustainable economies and societies that are more resilient in the face of pandemics, climate change, and the many other global challenges we face.&#8220;<\/p>\n\n\n\n<p>Die Ziele der nachhaltigen Entwicklung sind der Leitfaden f\u00fcr eine bessere und nachhaltigere Zukunft f\u00fcr alle Menschen. Sie befassen sich mit den globalen Herausforderungen, einschlie\u00dflich derjenigen, die mit Armut, Ungleichheit, Klima, Umweltzerst\u00f6rung, Wohlstand sowie Frieden und Gerechtigkeit zusammenh\u00e4ngen.<\/p>\n\n\n\n<p>\u00dcbrigens: Wenn Sie den Bericht (2019) in gedruckter Form lesen m\u00f6chten, k\u00f6nnen Sie ihn im Lesesaal des Dokumentationszentrum UN-EU in der Universit\u00e4tsbibliothek unter &#8222;<strong>uno 5220 V489<\/strong>&#8220; finden.<\/p>\n\n\n\n<p>Noch mehr Informationen zur UN &amp; EU bekommen Sie in unserem <a href=\"https:\/\/www.ub.fu-berlin.de\/bibliothek\/uneu\/\">Dokumentationszentrum UN-EU<\/a>.<\/p>\n","protected":false},"excerpt":{"rendered":"<p>Der Betrieb des &#8222;Dokumentationszentrums UN &#8211; EU&#8220; wird eingestellt. Die entsprechende Literatur bleibt im Bestand und ist weiterhin zug\u00e4nglich. Vor kurzem wurde der 2020 Sustainable Development Goals Report (Ziele f\u00fcr nachhaltige Entwicklung &#8211; Bericht f\u00fcr das Jahr 2020) in englischer Sprache ver\u00f6ffentlicht. Das&nbsp;Bundesministerium f\u00fcr wirtschaftliche Zusammenarbeit und Entwicklung gibt die deutsche Fassung heraus &#8211; auf &hellip; <a href=\"https:\/\/blogs.fu-berlin.de\/bibliotheken\/2020\/07\/16\/ziele-fuer-nachhaltige-entwicklung-bericht-fuer-das-jahr-2020-veroeffentlicht\/\" class=\"more-link\"><span class=\"screen-reader-text\">\u201eZiele f\u00fcr nachhaltige Entwicklung \u2013 Bericht f\u00fcr das Jahr 2020 ver\u00f6ffentlicht\u201c<\/span> weiterlesen<\/a><\/p>\n","protected":false},"author":3230,"featured_media":0,"comment_status":"open","ping_status":"open","sticky":false,"template":"","format":"standard","meta":{"footnotes":""},"categories":[9],"tags":[196703,2458,218456,57495,12086],"class_list":["post-27245","post","type-post","status-publish","format-standard","hentry","category-allgemein","tag-17-ziele-fuer-nachhaltige-entwicklung","tag-dokumentationszentrum-un-eu","tag-sustainable-development-agenda","tag-sustainable-development-goals","tag-vereinte-nationen"],"_links":{"self":[{"href":"https:\/\/blogs.fu-berlin.de\/bibliotheken\/wp-json\/wp\/v2\/posts\/27245","targetHints":{"allow":["GET"]}}],"collection":[{"href":"https:\/\/blogs.fu-berlin.de\/bibliotheken\/wp-json\/wp\/v2\/posts"}],"about":[{"href":"https:\/\/blogs.fu-berlin.de\/bibliotheken\/wp-json\/wp\/v2\/types\/post"}],"author":[{"embeddable":true,"href":"https:\/\/blogs.fu-berlin.de\/bibliotheken\/wp-json\/wp\/v2\/users\/3230"}],"replies":[{"embeddable":true,"href":"https:\/\/blogs.fu-berlin.de\/bibliotheken\/wp-json\/wp\/v2\/comments?post=27245"}],"version-history":[{"count":4,"href":"https:\/\/blogs.fu-berlin.de\/bibliotheken\/wp-json\/wp\/v2\/posts\/27245\/revisions"}],"predecessor-version":[{"id":29073,"href":"https:\/\/blogs.fu-berlin.de\/bibliotheken\/wp-json\/wp\/v2\/posts\/27245\/revisions\/29073"}],"wp:attachment":[{"href":"https:\/\/blogs.fu-berlin.de\/bibliotheken\/wp-json\/wp\/v2\/media?parent=27245"}],"wp:term":[{"taxonomy":"category","embeddable":true,"href":"https:\/\/blogs.fu-berlin.de\/bibliotheken\/wp-json\/wp\/v2\/categories?post=27245"},{"taxonomy":"post_tag","embeddable":true,"href":"https:\/\/blogs.fu-berlin.de\/bibliotheken\/wp-json\/wp\/v2\/tags?post=27245"}],"curies":[{"name":"wp","href":"https:\/\/api.w.org\/{rel}","templated":true}]}}