{"id":27268,"date":"2020-07-17T15:51:30","date_gmt":"2020-07-17T14:51:30","guid":{"rendered":"https:\/\/blogs.fu-berlin.de\/bibliotheken\/?p=27268"},"modified":"2020-07-17T15:51:30","modified_gmt":"2020-07-17T14:51:30","slug":"neue-oeffnungszeiten-fuer-bibliothek-fuer-geschichte-und-kunstgeschichte-fmi-khi","status":"publish","type":"post","link":"https:\/\/blogs.fu-berlin.de\/bibliotheken\/2020\/07\/17\/neue-oeffnungszeiten-fuer-bibliothek-fuer-geschichte-und-kunstgeschichte-fmi-khi\/","title":{"rendered":"Neue \u00d6ffnungszeiten f\u00fcr  Bibliothek f\u00fcr Geschichte und Kunstgeschichte (FMI\/KHI)"},"content":{"rendered":"\n<p>Wegen der umfangreichen Nach- und Vorarbeiten f\u00fcr u. a. <a href=\"https:\/\/www.fu-berlin.de\/sites\/ub\/service\/digitalisierung\/index.html\">Scandienst<\/a>, <a href=\"https:\/\/www.fu-berlin.de\/sites\/ub\/ueber-uns\/news\/Wiederoeffnung-der-Ausleihe.html\">kontaktarme Ausleihe<\/a> und der Verwaltung der <a href=\"https:\/\/www.geschkult.fu-berlin.de\/e\/khi\/ressourcen\/bibliotheken\/ausleihe_benutzung\/a-z1\/reservierung_arbeitsplatz_corona.html\">Arbeitspl\u00e4tze<\/a> bleiben die Bibliothek des <a href=\"https:\/\/www.geschkult.fu-berlin.de\/e\/khi\/ressourcen\/bibliotheken\/index.html\">Kunsthistorischen Instituts<\/a> (KHI) und des\u00a0<a href=\"https:\/\/www.geschkult.fu-berlin.de\/e\/fmi\/bibliothek\/\">Friedrich-Meinecke-Instituts<\/a> (FMI) ab n\u00e4chster Woche montags f\u00fcr den Publikumsverkehr (Ausleihe und Nutzung vor Ort) geschlossen.<\/p>\n\n\n\n<p>Neue \u00d6ffnungszeiten ab n\u00e4chster Woche sind dann <strong>Dienstag-Freitag 10:00-16:00 Uhr.<\/strong><\/p>\n","protected":false},"excerpt":{"rendered":"<p>Wegen der umfangreichen Nach- und Vorarbeiten f\u00fcr u. a. Scandienst, kontaktarme Ausleihe und der Verwaltung der Arbeitspl\u00e4tze bleiben die Bibliothek des Kunsthistorischen Instituts (KHI) und des\u00a0Friedrich-Meinecke-Instituts (FMI) ab n\u00e4chster Woche montags f\u00fcr den Publikumsverkehr (Ausleihe und Nutzung vor Ort) geschlossen. Neue \u00d6ffnungszeiten ab n\u00e4chster Woche sind dann Dienstag-Freitag 10:00-16:00 Uhr.<\/p>\n","protected":false},"author":293,"featured_media":26886,"comment_status":"open","ping_status":"open","sticky":false,"template":"","format":"standard","meta":{"footnotes":""},"categories":[599,600],"tags":[318229,318228],"class_list":["post-27268","post","type-post","status-publish","format-standard","has-post-thumbnail","hentry","category-bibliothekswesen","category-fachbibliotheken","tag-bibliothek-des-kunhistorischen-instituts","tag-bibliotheks-des-friedrich-meinecke-instituts"],"_links":{"self":[{"href":"https:\/\/blogs.fu-berlin.de\/bibliotheken\/wp-json\/wp\/v2\/posts\/27268","targetHints":{"allow":["GET"]}}],"collection":[{"href":"https:\/\/blogs.fu-berlin.de\/bibliotheken\/wp-json\/wp\/v2\/posts"}],"about":[{"href":"https:\/\/blogs.fu-berlin.de\/bibliotheken\/wp-json\/wp\/v2\/types\/post"}],"author":[{"embeddable":true,"href":"https:\/\/blogs.fu-berlin.de\/bibliotheken\/wp-json\/wp\/v2\/users\/293"}],"replies":[{"embeddable":true,"href":"https:\/\/blogs.fu-berlin.de\/bibliotheken\/wp-json\/wp\/v2\/comments?post=27268"}],"version-history":[{"count":1,"href":"https:\/\/blogs.fu-berlin.de\/bibliotheken\/wp-json\/wp\/v2\/posts\/27268\/revisions"}],"predecessor-version":[{"id":27270,"href":"https:\/\/blogs.fu-berlin.de\/bibliotheken\/wp-json\/wp\/v2\/posts\/27268\/revisions\/27270"}],"wp:featuredmedia":[{"embeddable":true,"href":"https:\/\/blogs.fu-berlin.de\/bibliotheken\/wp-json\/wp\/v2\/media\/26886"}],"wp:attachment":[{"href":"https:\/\/blogs.fu-berlin.de\/bibliotheken\/wp-json\/wp\/v2\/media?parent=27268"}],"wp:term":[{"taxonomy":"category","embeddable":true,"href":"https:\/\/blogs.fu-berlin.de\/bibliotheken\/wp-json\/wp\/v2\/categories?post=27268"},{"taxonomy":"post_tag","embeddable":true,"href":"https:\/\/blogs.fu-berlin.de\/bibliotheken\/wp-json\/wp\/v2\/tags?post=27268"}],"curies":[{"name":"wp","href":"https:\/\/api.w.org\/{rel}","templated":true}]}}