{"id":2728,"date":"2009-09-16T10:39:31","date_gmt":"2009-09-16T09:39:31","guid":{"rendered":"https:\/\/blogs.fu-berlin.de\/bibliotheken\/?p=2728"},"modified":"2009-09-16T11:03:26","modified_gmt":"2009-09-16T10:03:26","slug":"shortlist-fur-den-deutschen-buchpreis-veroffentlicht","status":"publish","type":"post","link":"https:\/\/blogs.fu-berlin.de\/bibliotheken\/2009\/09\/16\/shortlist-fur-den-deutschen-buchpreis-veroffentlicht\/","title":{"rendered":"Shortlist f\u00fcr den Deutschen Buchpreis ver\u00f6ffentlicht"},"content":{"rendered":"<p>Wie schon an <a href=\"https:\/\/blogs.fu-berlin.de\/bibliotheken\/2009\/08\/20\/deutscher-buchpreis-2009-longlist-veroffentlicht\/\">anderer Stelle<\/a> im BiblioBlog angek\u00fcndigt, wurde heute die Shortlist f\u00fcr den <a href=\"https:\/\/www.deutscher-buchpreis.de\/de\/296796\">Deutschen Buchpreis 2009 <\/a>ver\u00f6ffentlicht. Einen Tag lang diskutierte die Jury um Redakteure und Kritiker wie Hubert Winkels (Deutschlandfunk), Richard K\u00e4mmerlings (FAZ), Lothar M\u00fcller (S\u00fcddeutsche Zeitung) und Iris Radisch (ZEIT), ehe sie sich von 20 auf sechs Romane einigen konnte:<\/p>\n<p>&#8211; Rainer Merkel: Lichtjahre entfernt (S. Fischer, M\u00e4rz 2009)<br \/>\n&#8211; Herta M\u00fcller: Atemschaukel (Hanser, August 2009)<br \/>\n&#8211; Norbert Scheuer: \u00dcberm Rauschen (C. H. Beck, Juni 2009)<br \/>\n&#8211; Kathrin Schmidt: Du stirbst nicht (Kiepenheuer &amp; Witsch, Februar 2009)<br \/>\n&#8211; Clemens J. Setz: Die Frequenzen (Residenz, Februar 2009)<br \/>\n&#8211; Stephan Thome: Grenzgang (Suhrkamp, August 2009)<\/p>\n<p><img loading=\"lazy\" decoding=\"async\" src=\"https:\/\/blogs.fu-berlin.de\/bibliotheken\/files\/2009\/09\/mueller.jpg\" alt=\"\" hspace=\"3\" width=\"150\" height=\"211\" align=\"right\" \/>Unter den sechs Nominierten sind auch zwei der Freien Universit\u00e4t Berlin nicht ganz unbekannte Namen. Herta M\u00fcller (Bild) war 2005 <a href=\"https:\/\/www.geisteswissenschaften.fu-berlin.de\/studium\/gastprof\/mueller\/index.html\">Heiner-M\u00fcller-Gastprofessorin<\/a> an der FU. In <a href=\"https:\/\/sf4.ub.fu-berlin.de\/F\/?func=find-e&amp;request=m%C3%BCller+atemschaukel&amp;find_scan_code=FIND_WRD&amp;adjacent=N\"><em>Atemschaukel<\/em><\/a> zeichnet die Autorin den Weg eines jungen Mannes in ein Deportationslager nach Russland nach, dass exemplarisch f\u00fcr das Schicksal der deutschen Bev\u00f6lkerung in Siebenb\u00fcrgen nach dem Zweiten Weltkrieg steht.<\/p>\n<p>M\u00fcller ist selbst in Rum\u00e4nien, im deutschsprachigen Banat, als Enkelin eines wohlhabenden Bauern und Kaufmanns aufgewachsen, der unter dem kommunistischen Regime enteignet wurde. Ihre Mutter war zu jahrelanger Zwangsarbeit in die UdSSR deportiert worden.<\/p>\n<p>Der 37-j\u00e4hrige Stephan Thome hat an der FU Philosophie, Religionswissenschaft und Sinologie studiert. Heute lebt er als Wissenschaftler in Taiwan. Dieses Jahr hat er mit <em><a href=\"https:\/\/sf4.ub.fu-berlin.de\/F\/?func=find-e&amp;request=thome+grenzgang&amp;find_scan_code=FIND_WRD&amp;adjacent=N\">Grenzgang<\/a> <\/em>sein vielbeachtetes Romandeb\u00fct vorgelegt. Titelgebend f\u00fcr das Werk ist das gleichnamige dreit\u00e4gige Volksfest im hessischen Biedenkopf, wo Thome geboren wurde, das dem Leser im Roman aber als &#8222;Bergenstadt&#8220; begegnet. Im Rhythmus des alle sieben Jahre stattfindenden Grenzgang-Festes folgt Thome seinen beiden Hauptfiguren &#8211; einer Hausfrau und einem Gymnasiallehrer &#8211; deren Lebensentw\u00fcrfe sich als nicht tragf\u00e4hig erweisen.<\/p>\n<h6>Danke f\u00fcr das Bild an <a href=\"https:\/\/de.wikipedia.org\/w\/index.php?title=Datei:Herta_M%C3%BCller.JPG&amp;filetimestamp=20090315154952\">Wikipedia<\/a>!<\/h6>\n","protected":false},"excerpt":{"rendered":"<p>Wie schon an anderer Stelle im BiblioBlog angek\u00fcndigt, wurde heute die Shortlist f\u00fcr den Deutschen Buchpreis 2009 ver\u00f6ffentlicht. Einen Tag lang diskutierte die Jury um Redakteure und Kritiker wie Hubert Winkels (Deutschlandfunk), Richard K\u00e4mmerlings (FAZ), Lothar M\u00fcller (S\u00fcddeutsche Zeitung) und Iris Radisch (ZEIT), ehe sie sich von 20 auf sechs Romane einigen konnte: &#8211; Rainer &hellip; <a href=\"https:\/\/blogs.fu-berlin.de\/bibliotheken\/2009\/09\/16\/shortlist-fur-den-deutschen-buchpreis-veroffentlicht\/\" class=\"more-link\"><span class=\"screen-reader-text\">\u201eShortlist f\u00fcr den Deutschen Buchpreis ver\u00f6ffentlicht\u201c<\/span> weiterlesen<\/a><\/p>\n","protected":false},"author":293,"featured_media":0,"comment_status":"open","ping_status":"open","sticky":false,"template":"","format":"standard","meta":{"footnotes":""},"categories":[9],"tags":[985,1051,1050,1052],"class_list":["post-2728","post","type-post","status-publish","format-standard","hentry","category-allgemein","tag-deutscher-buchpreis-2009","tag-herta-muller","tag-shortlist","tag-stephan-thome"],"_links":{"self":[{"href":"https:\/\/blogs.fu-berlin.de\/bibliotheken\/wp-json\/wp\/v2\/posts\/2728","targetHints":{"allow":["GET"]}}],"collection":[{"href":"https:\/\/blogs.fu-berlin.de\/bibliotheken\/wp-json\/wp\/v2\/posts"}],"about":[{"href":"https:\/\/blogs.fu-berlin.de\/bibliotheken\/wp-json\/wp\/v2\/types\/post"}],"author":[{"embeddable":true,"href":"https:\/\/blogs.fu-berlin.de\/bibliotheken\/wp-json\/wp\/v2\/users\/293"}],"replies":[{"embeddable":true,"href":"https:\/\/blogs.fu-berlin.de\/bibliotheken\/wp-json\/wp\/v2\/comments?post=2728"}],"version-history":[{"count":10,"href":"https:\/\/blogs.fu-berlin.de\/bibliotheken\/wp-json\/wp\/v2\/posts\/2728\/revisions"}],"predecessor-version":[{"id":2736,"href":"https:\/\/blogs.fu-berlin.de\/bibliotheken\/wp-json\/wp\/v2\/posts\/2728\/revisions\/2736"}],"wp:attachment":[{"href":"https:\/\/blogs.fu-berlin.de\/bibliotheken\/wp-json\/wp\/v2\/media?parent=2728"}],"wp:term":[{"taxonomy":"category","embeddable":true,"href":"https:\/\/blogs.fu-berlin.de\/bibliotheken\/wp-json\/wp\/v2\/categories?post=2728"},{"taxonomy":"post_tag","embeddable":true,"href":"https:\/\/blogs.fu-berlin.de\/bibliotheken\/wp-json\/wp\/v2\/tags?post=2728"}],"curies":[{"name":"wp","href":"https:\/\/api.w.org\/{rel}","templated":true}]}}