{"id":27312,"date":"2020-07-30T09:13:00","date_gmt":"2020-07-30T08:13:00","guid":{"rendered":"https:\/\/blogs.fu-berlin.de\/bibliotheken\/?p=27312"},"modified":"2021-09-16T13:25:13","modified_gmt":"2021-09-16T12:25:13","slug":"welttag-gegen-menschenhandel","status":"publish","type":"post","link":"https:\/\/blogs.fu-berlin.de\/bibliotheken\/2020\/07\/30\/welttag-gegen-menschenhandel\/","title":{"rendered":"Welttag gegen Menschenhandel"},"content":{"rendered":"\n<p><em><span class=\"has-inline-color has-bright-red-color\">Der Betrieb des \u201eDokumentationszentrums UN \u2013 EU\u201c wird eingestellt. Die entsprechende Literatur bleibt im Bestand und ist weiterhin zug\u00e4nglich.<\/span><\/em><\/p>\n\n\n\n<p>Heute ist der Welttag gegen den Menschenhandel. Der Tag wurde von der Generalversammlung der Vereinten Nationen in ihrer Resolution <a href=\"https:\/\/digitallibrary.un.org\/record\/765767?ln=en\">A\/RES\/68\/192<\/a> ausgerufen. <\/p>\n\n\n\n<p>Menschenhandel ist ein schweres Verbrechen und eine schwerwiegende Verletzung der Menschenrechte. Jedes Jahr geraten Tausende von M\u00e4nnern, Frauen und Kindern in die H\u00e4nde von Menschenh\u00e4ndlern, im In- und Ausland. Fast jedes Land der Welt ist von Menschenhandel betroffen, sei es als Herkunfts-, Transit- oder Zielland der Opfer. Als H\u00fcterin des <a href=\"https:\/\/www.unodc.org\/unodc\/en\/organized-crime\/intro\/UNTOC.html\">\u00dcbereinkommens der Vereinten Nationen gegen die grenz\u00fcberschreitende organisierte Kriminalit\u00e4t (UNTOC) <\/a>und der dazugeh\u00f6rigen Protokolle unterst\u00fctzt das <a href=\"https:\/\/www.unodc.org\/\">UNODC (B\u00fcro der Vereinten Nationen f\u00fcr Drogen- und Verbrechensbek\u00e4mpfung)<\/a> die Staaten bei ihren Bem\u00fchungen um die Umsetzung des Protokolls zur Verh\u00fctung, Bek\u00e4mpfung und Bestrafung des Menschenhandels.<\/p>\n\n\n\n<p>Das Thema des Welttages gegen Menschenhandel im Jahr 2020 wird sich auf die Ersthelfer*innen im Kampf gegen den Menschenhandel konzentrieren. Dies sind die Menschen, die in verschiedenen Bereichen t\u00e4tig sind &#8211; sie identifizieren, unterst\u00fctzen, beraten und suchen Gerechtigkeit f\u00fcr die Opfer des Menschenhandels und setzen sich gegen die Straflosigkeit der Menschenh\u00e4ndler ein.<\/p>\n\n\n\n<p>W\u00e4hrend der COVID-19-Krise ist die wesentliche Rolle der Ersthelferinnen und Ersthelfer noch wichtiger geworden. Zumal die durch die Pandemie auferlegten Einschr\u00e4nkungen ihre Arbeit noch schwieriger gemacht haben. Dennoch wird ihr Beitrag oft \u00fcbersehen und nicht anerkannt.<\/p>\n\n\n\n<p>Weiterf\u00fchrende Webseiten:<\/p>\n\n\n\n<p><a href=\"https:\/\/www.un.org\/en\/events\/humantrafficking\/\">https:\/\/www.un.org\/en\/events\/humantrafficking\/<\/a><\/p>\n\n\n\n<p><a href=\"https:\/\/www.unodc.org\/unodc\/en\/human-trafficking\/what-is-human-trafficking.html?ref=menuside\">https:\/\/www.unodc.org\/unodc\/en\/human-trafficking\/what-is-human-trafficking.html?ref=menuside<\/a><\/p>\n\n\n\n<p><a href=\"https:\/\/www.ohchr.org\/en\/issues\/trafficking\/pages\/featurestories.aspx\">https:\/\/www.ohchr.org\/en\/issues\/trafficking\/pages\/featurestories.aspx<\/a><\/p>\n\n\n\n<p><a href=\"https:\/\/www.unodc.org\/documents\/Advocacy-Section\/HTMSS_Thematic_Brief_on_COVID-19.pdf\">https:\/\/www.unodc.org\/documents\/Advocacy-Section\/HTMSS_Thematic_Brief_on_COVID-19.pdf<\/a><\/p>\n\n\n\n<p><a href=\"https:\/\/www.ohchr.org\/EN\/Issues\/Trafficking\/Pages\/TraffickingIndex.aspx\">https:\/\/www.ohchr.org\/EN\/Issues\/Trafficking\/Pages\/TraffickingIndex.aspx<\/a><\/p>\n\n\n\n<p>Noch mehr Informationen zur UN bekommen Sie in unserem <a href=\"https:\/\/www.ub.fu-berlin.de\/bibliothek\/uneu\/\">Dokumentationszentrum UN-EU<\/a>.<\/p>\n","protected":false},"excerpt":{"rendered":"<p>Der Betrieb des \u201eDokumentationszentrums UN \u2013 EU\u201c wird eingestellt. Die entsprechende Literatur bleibt im Bestand und ist weiterhin zug\u00e4nglich. Heute ist der Welttag gegen den Menschenhandel. Der Tag wurde von der Generalversammlung der Vereinten Nationen in ihrer Resolution A\/RES\/68\/192 ausgerufen. Menschenhandel ist ein schweres Verbrechen und eine schwerwiegende Verletzung der Menschenrechte. Jedes Jahr geraten Tausende &hellip; <a href=\"https:\/\/blogs.fu-berlin.de\/bibliotheken\/2020\/07\/30\/welttag-gegen-menschenhandel\/\" class=\"more-link\"><span class=\"screen-reader-text\">\u201eWelttag gegen Menschenhandel\u201c<\/span> weiterlesen<\/a><\/p>\n","protected":false},"author":3230,"featured_media":0,"comment_status":"open","ping_status":"open","sticky":false,"template":"","format":"standard","meta":{"footnotes":""},"categories":[9],"tags":[2458,218440,12086,318243],"class_list":["post-27312","post","type-post","status-publish","format-standard","hentry","category-allgemein","tag-dokumentationszentrum-un-eu","tag-united-nations","tag-vereinte-nationen","tag-welttag-gegen-menschenhandel"],"_links":{"self":[{"href":"https:\/\/blogs.fu-berlin.de\/bibliotheken\/wp-json\/wp\/v2\/posts\/27312","targetHints":{"allow":["GET"]}}],"collection":[{"href":"https:\/\/blogs.fu-berlin.de\/bibliotheken\/wp-json\/wp\/v2\/posts"}],"about":[{"href":"https:\/\/blogs.fu-berlin.de\/bibliotheken\/wp-json\/wp\/v2\/types\/post"}],"author":[{"embeddable":true,"href":"https:\/\/blogs.fu-berlin.de\/bibliotheken\/wp-json\/wp\/v2\/users\/3230"}],"replies":[{"embeddable":true,"href":"https:\/\/blogs.fu-berlin.de\/bibliotheken\/wp-json\/wp\/v2\/comments?post=27312"}],"version-history":[{"count":3,"href":"https:\/\/blogs.fu-berlin.de\/bibliotheken\/wp-json\/wp\/v2\/posts\/27312\/revisions"}],"predecessor-version":[{"id":29607,"href":"https:\/\/blogs.fu-berlin.de\/bibliotheken\/wp-json\/wp\/v2\/posts\/27312\/revisions\/29607"}],"wp:attachment":[{"href":"https:\/\/blogs.fu-berlin.de\/bibliotheken\/wp-json\/wp\/v2\/media?parent=27312"}],"wp:term":[{"taxonomy":"category","embeddable":true,"href":"https:\/\/blogs.fu-berlin.de\/bibliotheken\/wp-json\/wp\/v2\/categories?post=27312"},{"taxonomy":"post_tag","embeddable":true,"href":"https:\/\/blogs.fu-berlin.de\/bibliotheken\/wp-json\/wp\/v2\/tags?post=27312"}],"curies":[{"name":"wp","href":"https:\/\/api.w.org\/{rel}","templated":true}]}}