{"id":27321,"date":"2020-08-20T12:00:00","date_gmt":"2020-08-20T11:00:00","guid":{"rendered":"https:\/\/blogs.fu-berlin.de\/bibliotheken\/?p=27321"},"modified":"2021-09-13T10:27:41","modified_gmt":"2021-09-13T09:27:41","slug":"die-sechs-prioritaeten-der-europaeischen-kommission-fuer-2019-2024","status":"publish","type":"post","link":"https:\/\/blogs.fu-berlin.de\/bibliotheken\/2020\/08\/20\/die-sechs-prioritaeten-der-europaeischen-kommission-fuer-2019-2024\/","title":{"rendered":"Die sechs Priorit\u00e4ten der Europ\u00e4ischen Kommission f\u00fcr 2019-2024"},"content":{"rendered":"\n<p><em><span class=\"has-inline-color has-bright-red-color\">Der Betrieb des &#8222;Dokumentationszentrums UN &#8211; EU&#8220; wird eingestellt. Die entsprechende Literatur bleibt im Bestand und ist weiterhin zug\u00e4nglich.<\/span><\/em><\/p>\n\n\n\n<p>Die Europ\u00e4ische Kommission hat sich auf sechs Priorit\u00e4ten geeinigt, die es im Zeitraum 2019-2024 umzusetzen gilt:<\/p>\n\n\n\n<ul class=\"wp-block-list\"><li>der  europ\u00e4ische Green Deal &#8211; Europa wird der erste klimaneutrale Kontinent<\/li><li>Europa f\u00fcr das digitale Zeitalter fit machen &#8211; aktive Teilhabe mit einer neuen Technologiegeneration<\/li><li>Eine Wirtschaft im Dienste der Menschen &#8211; Soziale Gerechtigkeit und Wohlstand<\/li><li>St\u00e4rkeres Europa in der Welt &#8211; Festigung der verantwortungsvollen globalen F\u00fchrungsrolle Europas<\/li><li>F\u00f6rderung unserer europ\u00e4ischen Lebensweise &#8211; Schutz unserer B\u00fcrger und unserer Werte<\/li><li>Neuer Schwung f\u00fcr die Demokratie Europas &#8211; F\u00f6rderung, Schutz und St\u00e4rkung unserer Demokratie<\/li><\/ul>\n\n\n\n<p>In loser Folge werden wir die einzelnen Ziele etwas genauer vorstellen.<\/p>\n\n\n\n<h3 class=\"wp-block-heading\"><a href=\"https:\/\/ec.europa.eu\/info\/strategy\/priorities-2019-2024\/european-green-deal_de\">Der <strong>europ\u00e4ische Green Deal<\/strong><\/a><\/h3>\n\n\n\n<p>Das ambitionierte Ziel ist es, Europa zum erster klimaneutraler Kontinent werden zu lassen. Und das sind die Ma\u00dfnahmen:<\/p>\n\n\n\n<ul class=\"wp-block-list\"><li><a href=\"https:\/\/ec.europa.eu\/info\/strategy\/priorities-2019-2024\/european-green-deal\/actions-being-taken-eu\/eu-biodiversity-strategy-2030_de\">Biodiversit\u00e4t<\/a> &#8211; Ma\u00dfnahmen zum Schutz unseres empfindlichen \u00d6kosystems: Neben der Schaffung von Schutzzonen (30&nbsp;% der Landgebiete&nbsp;und ca. 30 % der Meeresgebiete Europas) und die Wiederherstellung von Land- und Meer\u00f6kosystemen in Europa, geht es hier um einen wirtschaftlichen Aspekt: Mehr als die H\u00e4lfte des weltweiten BIP \u2013 rund 40&nbsp;Billionen Euro \u2013 ist naturabh\u00e4ngig. <\/li><li><a href=\"https:\/\/ec.europa.eu\/commission\/presscorner\/detail\/de\/fs_19_6727\">Vom Hof auf den Tisch<\/a> &#8211; Gew\u00e4hrleistung einer nachhaltigeren Lebensmittelkette: Hier nimmt die Landwirtschaft eine Schl\u00fcsselrolle ein. In erster Linie geht es darum die Versorgung der Europ\u00e4er mit&nbsp;erschwinglichen&nbsp;und nachhaltigen Lebensmitteln zu&nbsp;gew\u00e4hrleisten, dabei den Klimawandel zu bek\u00e4mpfen, die Umwelt zu sch\u00fctzen, die Biodiversit\u00e4t zu erhalten und den Anteil des&nbsp;\u00f6kologischen&nbsp;Landbaus zu&nbsp;erh\u00f6hen.<\/li><li><a href=\"https:\/\/ec.europa.eu\/info\/food-farming-fisheries\/sustainability\">Sustainability in EU agriculture<\/a> and rural areas thanks to the common agricultural policy (CAP): Die gemeinsame Agrarpolitik (CAP) verfolgt das Ziel der nachhaltigen Landwirtschaft. Soziale, \u00f6kologische und \u00f6konomische Nachhaltigkeit sollen der Weg zu eine nachhaltigen Landwirtschaft sein.<\/li><li><a href=\"https:\/\/ec.europa.eu\/commission\/presscorner\/detail\/de\/fs_19_6723\">Saubere Energien<\/a> &#8211; Perspektiven f\u00fcr alternative, saubere Energiequellen. Grundprinzipien sind: der Schwerpunkt wird auf&nbsp;Energieeffizienz und&nbsp;Entwicklung eines Energiesektors, der sich weitgehend auf erneuerbare Energiequellen st\u00fctzt, gelegt. Sichere und erschwingliche Energieversorgung der EU und vollst\u00e4ndig integrierter, vernetzter und digitalisierter EU-Energiemarkt.<\/li><li><a href=\"https:\/\/ec.europa.eu\/commission\/presscorner\/detail\/de\/fs_19_6724\">Nachhaltige Industrien<\/a> &#8211; F\u00fcr nachhaltige und umweltfreundlichere Produktionszyklen. Die Verwirklichung der Klima- und Umweltziele der EU erfordert eine neue Industriepolitik auf der Grundlage der Kreislaufwirtschaft.<\/li><li><a href=\"https:\/\/ec.europa.eu\/commission\/presscorner\/detail\/de\/fs_19_6725\">Geb\u00e4ude und Renovierungen<\/a> &#8211; Notwendigkeit eines umweltfreundlicheren Bausektors. Auch hier geht es um Kreislaufwirtschaft aber auch um Energieeffizienz von Geb\u00e4uden.<\/li><li><a href=\"https:\/\/ec.europa.eu\/commission\/presscorner\/detail\/de\/fs_19_6726\">Nachhaltige Mobilit\u00e4t<\/a> &#8211; F\u00f6rderung umweltvertr\u00e4glicher Verkehrsmittel. Die Emissionen des Verkehrssektors m\u00fcssen weiter und schneller verringert werden. Hierzu  m\u00fcssen Subventionen f\u00fcr fossile Brennstoffe abgeschafft werden, der europ\u00e4ische Emissionshandel auf den Seeverkehr ausgeweitet werden, wirksame Stra\u00dfenbenutzungsgeb\u00fchren eingef\u00fchrt und die Verringerung der, den&nbsp;Luftverkehrsunterneh\u00admen im Rahmen des Emissionshandelssys\u00adtems kostenlos&nbsp;zugeteilten Zertifikate, erreicht werden. Gleichzeitig muss die Versorgung mit nachhaltigen alternativen Kraftstoffen verbessert werden.<\/li><li><a href=\"https:\/\/ec.europa.eu\/commission\/presscorner\/detail\/de\/fs_19_6729\">Beseitigung von Umweltverschmutzung<\/a> &#8211; Ma\u00dfnahmen zur raschen und wirksamen Bek\u00e4mpfung der Umweltverschmutzung. Um die Menschen und die \u00d6kosysteme Europas zu sch\u00fctzen wird der Null-&nbsp;Schadstoff-Aktionsplan angenommen, um&nbsp;die&nbsp;Verschmutzung von Luft, Wasser und&nbsp;Boden zu verhindern.<\/li><li><a href=\"https:\/\/ec.europa.eu\/clima\/index_en\">Climate Action<\/a> &#8211; Europa wird bis 2050 der erste klimaneutrale Kontinent der Welt werden.<\/li><\/ul>\n\n\n\n<p>Eine F\u00fclle von nachvollziehbaren Einzelzielen, deren Umsetzung einige Kraftanstrengungen bedarf. Die aktuelle weltweite Corona-Krise, wird es den Staaten der Europ\u00e4ischen Union erneut erschweren die Ziele in Angriff zu nehmen.<\/p>\n\n\n\n<p>Noch mehr Informationen zur EU bekommen Sie in unserem <a href=\"https:\/\/www.ub.fu-berlin.de\/bibliothek\/uneu\/\">Dokumentationszentrum UN-EU<\/a>.<\/p>\n","protected":false},"excerpt":{"rendered":"<p>Der Betrieb des &#8222;Dokumentationszentrums UN &#8211; EU&#8220; wird eingestellt. Die entsprechende Literatur bleibt im Bestand und ist weiterhin zug\u00e4nglich. Die Europ\u00e4ische Kommission hat sich auf sechs Priorit\u00e4ten geeinigt, die es im Zeitraum 2019-2024 umzusetzen gilt: der europ\u00e4ische Green Deal &#8211; Europa wird der erste klimaneutrale Kontinent Europa f\u00fcr das digitale Zeitalter fit machen &#8211; aktive &hellip; <a href=\"https:\/\/blogs.fu-berlin.de\/bibliotheken\/2020\/08\/20\/die-sechs-prioritaeten-der-europaeischen-kommission-fuer-2019-2024\/\" class=\"more-link\"><span class=\"screen-reader-text\">\u201eDie sechs Priorit\u00e4ten der Europ\u00e4ischen Kommission f\u00fcr 2019-2024\u201c<\/span> weiterlesen<\/a><\/p>\n","protected":false},"author":2907,"featured_media":0,"comment_status":"open","ping_status":"open","sticky":false,"template":"","format":"standard","meta":{"footnotes":""},"categories":[9],"tags":[2458,56945,318246,318245],"class_list":["post-27321","post","type-post","status-publish","format-standard","hentry","category-allgemein","tag-dokumentationszentrum-un-eu","tag-europaeische-kommission","tag-green-deal","tag-prioritaeten-der-europaeischen-kommission"],"_links":{"self":[{"href":"https:\/\/blogs.fu-berlin.de\/bibliotheken\/wp-json\/wp\/v2\/posts\/27321","targetHints":{"allow":["GET"]}}],"collection":[{"href":"https:\/\/blogs.fu-berlin.de\/bibliotheken\/wp-json\/wp\/v2\/posts"}],"about":[{"href":"https:\/\/blogs.fu-berlin.de\/bibliotheken\/wp-json\/wp\/v2\/types\/post"}],"author":[{"embeddable":true,"href":"https:\/\/blogs.fu-berlin.de\/bibliotheken\/wp-json\/wp\/v2\/users\/2907"}],"replies":[{"embeddable":true,"href":"https:\/\/blogs.fu-berlin.de\/bibliotheken\/wp-json\/wp\/v2\/comments?post=27321"}],"version-history":[{"count":23,"href":"https:\/\/blogs.fu-berlin.de\/bibliotheken\/wp-json\/wp\/v2\/posts\/27321\/revisions"}],"predecessor-version":[{"id":29069,"href":"https:\/\/blogs.fu-berlin.de\/bibliotheken\/wp-json\/wp\/v2\/posts\/27321\/revisions\/29069"}],"wp:attachment":[{"href":"https:\/\/blogs.fu-berlin.de\/bibliotheken\/wp-json\/wp\/v2\/media?parent=27321"}],"wp:term":[{"taxonomy":"category","embeddable":true,"href":"https:\/\/blogs.fu-berlin.de\/bibliotheken\/wp-json\/wp\/v2\/categories?post=27321"},{"taxonomy":"post_tag","embeddable":true,"href":"https:\/\/blogs.fu-berlin.de\/bibliotheken\/wp-json\/wp\/v2\/tags?post=27321"}],"curies":[{"name":"wp","href":"https:\/\/api.w.org\/{rel}","templated":true}]}}