{"id":27416,"date":"2020-08-07T09:43:13","date_gmt":"2020-08-07T08:43:13","guid":{"rendered":"https:\/\/blogs.fu-berlin.de\/bibliotheken\/?p=27416"},"modified":"2020-08-07T09:43:13","modified_gmt":"2020-08-07T08:43:13","slug":"verschaerfung-der-zitierregeln","status":"publish","type":"post","link":"https:\/\/blogs.fu-berlin.de\/bibliotheken\/2020\/08\/07\/verschaerfung-der-zitierregeln\/","title":{"rendered":"Versch\u00e4rfung der Zitierregeln"},"content":{"rendered":"\n<p>Die Wichtigkeit des richtigen Zitierens ist unumstritten, dies zeigt auch ein aktueller Artikel aus der <a href=\"https:\/\/www.faz.net\/aktuell\/karriere-hochschule\/hoersaal\/plagiate-berliner-gericht-verschaerft-zitierregeln-16889827.html\">F.A.Z.<\/a> (04.08.2020), zu sogenannten \u201eLetztquellen\u201c.  Demnach entschied das Berliner Verwaltungsgericht, dass man nicht ein Zitat mit einem Verweis auf die Originalquelle \u00fcbernehmen darf, sondern sich auf die Suche nach der Originalquelle machen muss.<\/p>\n\n\n\n<p>Wenn Sie trotz Semesterferien und sommerlicher Temperaturen ihr akademisches Schreiben verbessern m\u00f6chten, f\u00fcr den bietet das Schreibzentrum des <a href=\"https:\/\/www.stw.berlin\/beratung\/schreibberatung.html\">studierendenWERKs Berlin<\/a> im August zahlreiche Termine an &#8211; COVID-19 bedingt in unterschiedlichen Formaten. Auch die Bibliotheken an der FU Berlin werden das Thema weiter im Auge behalten. Gegenw\u00e4rtig sind wir an der Planung des Schulungsprogramms f\u00fcr das Wintersemester. Auch dort werden Angebote zu finden sein, die ihnen einen \u00dcberblick \u00fcber das richtige Zitieren verschaffen.<\/p>\n\n\n\n<p>Bis dahin bieten auch unsere Lernvideos &#8211; z. B. der <a href=\"https:\/\/www.youtube.com\/watch?v=JbXNfLVYmVc&amp;feature=youtu.be\">\u00dcberblick unserer Literaturverwaltungsprogramme<\/a> &#8211; einen kleinen Exkurs zum Zitieren.<\/p>\n\n\n\n<p>Und bei dringenden Fragen k\u00f6nnen Sie sich jederzeit an uns wenden \u00fcber <a href=\"mailto:auskunft@ub.fu-berlin.de\">auskunft@ub.fu-berlin.de<\/a>.<\/p>\n\n\n\n<p><strong>Danke f\u00fcr den Beitrag an Lucia Meidinger, Mitarbeiterin in der Auskunftsabteilung der Universit\u00e4tsbibliothek<\/strong>.<\/p>\n","protected":false},"excerpt":{"rendered":"<p>Die Wichtigkeit des richtigen Zitierens ist unumstritten, dies zeigt auch ein aktueller Artikel aus der F.A.Z. (04.08.2020), zu sogenannten \u201eLetztquellen\u201c. Demnach entschied das Berliner Verwaltungsgericht, dass man nicht ein Zitat mit einem Verweis auf die Originalquelle \u00fcbernehmen darf, sondern sich auf die Suche nach der Originalquelle machen muss. Wenn Sie trotz Semesterferien und sommerlicher Temperaturen &hellip; <a href=\"https:\/\/blogs.fu-berlin.de\/bibliotheken\/2020\/08\/07\/verschaerfung-der-zitierregeln\/\" class=\"more-link\"><span class=\"screen-reader-text\">\u201eVersch\u00e4rfung der Zitierregeln\u201c<\/span> weiterlesen<\/a><\/p>\n","protected":false},"author":293,"featured_media":27418,"comment_status":"open","ping_status":"open","sticky":false,"template":"","format":"standard","meta":{"footnotes":""},"categories":[9,491],"tags":[318250,318251,346,25],"class_list":["post-27416","post","type-post","status-publish","format-standard","has-post-thumbnail","hentry","category-allgemein","category-lernangebote-kurse","tag-letztquellen","tag-studierendenwerk-berlin","tag-tutorials","tag-zitieren"],"_links":{"self":[{"href":"https:\/\/blogs.fu-berlin.de\/bibliotheken\/wp-json\/wp\/v2\/posts\/27416","targetHints":{"allow":["GET"]}}],"collection":[{"href":"https:\/\/blogs.fu-berlin.de\/bibliotheken\/wp-json\/wp\/v2\/posts"}],"about":[{"href":"https:\/\/blogs.fu-berlin.de\/bibliotheken\/wp-json\/wp\/v2\/types\/post"}],"author":[{"embeddable":true,"href":"https:\/\/blogs.fu-berlin.de\/bibliotheken\/wp-json\/wp\/v2\/users\/293"}],"replies":[{"embeddable":true,"href":"https:\/\/blogs.fu-berlin.de\/bibliotheken\/wp-json\/wp\/v2\/comments?post=27416"}],"version-history":[{"count":2,"href":"https:\/\/blogs.fu-berlin.de\/bibliotheken\/wp-json\/wp\/v2\/posts\/27416\/revisions"}],"predecessor-version":[{"id":27419,"href":"https:\/\/blogs.fu-berlin.de\/bibliotheken\/wp-json\/wp\/v2\/posts\/27416\/revisions\/27419"}],"wp:featuredmedia":[{"embeddable":true,"href":"https:\/\/blogs.fu-berlin.de\/bibliotheken\/wp-json\/wp\/v2\/media\/27418"}],"wp:attachment":[{"href":"https:\/\/blogs.fu-berlin.de\/bibliotheken\/wp-json\/wp\/v2\/media?parent=27416"}],"wp:term":[{"taxonomy":"category","embeddable":true,"href":"https:\/\/blogs.fu-berlin.de\/bibliotheken\/wp-json\/wp\/v2\/categories?post=27416"},{"taxonomy":"post_tag","embeddable":true,"href":"https:\/\/blogs.fu-berlin.de\/bibliotheken\/wp-json\/wp\/v2\/tags?post=27416"}],"curies":[{"name":"wp","href":"https:\/\/api.w.org\/{rel}","templated":true}]}}