{"id":27420,"date":"2020-08-07T12:07:47","date_gmt":"2020-08-07T11:07:47","guid":{"rendered":"https:\/\/blogs.fu-berlin.de\/bibliotheken\/?p=27420"},"modified":"2020-08-10T12:55:44","modified_gmt":"2020-08-10T11:55:44","slug":"bibliothek-rechtswissenschaft-bietet-erweiterte-services-inkl-arbeitsplaetze-an","status":"publish","type":"post","link":"https:\/\/blogs.fu-berlin.de\/bibliotheken\/2020\/08\/07\/bibliothek-rechtswissenschaft-bietet-erweiterte-services-inkl-arbeitsplaetze-an\/","title":{"rendered":"Bibliothek Rechtswissenschaft bietet erweiterte Services inkl. Arbeitspl\u00e4tze an"},"content":{"rendered":"\n<p class=\"has-text-color has-background has-white-color has-bright-blue-background-color\">(See below for the English translation)<\/p>\n\n\n\n<p>Seit dem <strong>7. August 2020<\/strong> bietet die<a href=\"https:\/\/www.jura.fu-berlin.de\/bibliothek\/index.html\"> Bibliothek Rechtswissenschaft<\/a> im Rahmen der Hygiene- und Abstandsregeln erweiterte \u00d6ffnungszeiten und die Reservierung von Arbeitspl\u00e4tzen in ihren Leses\u00e4len an (\u00d6ffnungszeiten im August: Mo-Fr 9-22 Uhr, Sa 9-20 Uhr, So 12-20 Uhr). Auch der Zugang zur gesamten gedruckten Literatur in den Leses\u00e4len ist wieder m\u00f6glich, inkl. den Kopierservices. <\/p>\n\n\n\n<p>Externe Nutzerinnen und Nutzer k\u00f6nnen ebenfalls von der kontaktarmen Ausleihe und der Reservierung von Arbeitspl\u00e4tzen profitieren. Die bisherige Einschr\u00e4nkung auf FU-Angeh\u00f6rige entf\u00e4llt. Die Anmeldung neuer Nutzerinnen und Nutzer ist ebenfalls m\u00f6glich (Mo-Fr 9-16 Uhr). Bitte beachten Sie dabei die detaillierten Informationen der Bibliothek zur <a href=\"https:\/\/www.jura.fu-berlin.de\/bibliothek\/Allgemeine_Informationen\/AktuellesBib\/Reservierung.html\">\u00d6ffnung der Leses\u00e4le mit Reservierungserfordernis und den weiteren Services<\/a>.<\/p>\n\n\n\n<p>Nach der Universit\u00e4tsbibliothek, der Wirtschaftswissenschaftlichen Bibliothek, der Bibliothek f\u00fcr Sozialwissenschaften und Osteuropastudien, der Veterin\u00e4rmedizinischen Bibliothek und der Geowissenschaftlichen Bibliothek sind mittlerweile sechs Standorte f\u00fcr externe Nutzerinnen und Nutzer wieder ge\u00f6ffnet. Einen \u00dcberblick zur Wiederer\u00f6ffnung der Ausleihe in den FU-Bibliotheken finden Sie <a href=\"https:\/\/www.fu-berlin.de\/sites\/ub\/ueber-uns\/news\/Wiederoeffnung-der-Ausleihe.html\">hier<\/a>, eine \u00dcbersicht zum Reservierungsangebot an Arbeitspl\u00e4tzen <a href=\"https:\/\/www.fu-berlin.de\/sites\/ub\/ueber-uns\/news\/Arbeitsplatz-Bibliothek.html\">hier<\/a>. Weitere Bibliotheken sollen folgen!<\/p>\n\n\n\n<p class=\"has-text-color has-background has-white-color has-bright-blue-background-color\">Since <strong>7 August 2020<\/strong> the <a href=\"https:\/\/www.jura.fu-berlin.de\/en\/bibliothek\/index.html\">Law Library<\/a> has extended its opening hours and is offering workspaces in its reading rooms (opening hours: Monday-Friday 9-22 h, Saturday 9-20 h, Sunday 12-20 h). Because of the pandemic preparedness and the high sanitary measures the number of study desks is limited. You have to book a study desk in advance. Also the printed literature in the reading rooms are available, incl. copying, printing and scanning.<br><br>The Law Library is open to all patrons and is no longer limited to FU members. Beside the circulation of books and the booking of study desks also the registration of new patrons is possible (Monday-Friday 9-16 h). Please note the additional information of the library about the current services (<a href=\"https:\/\/www.jura.fu-berlin.de\/bibliothek\/Allgemeine_Informationen\/AktuellesBib\/Reservierung.html\">in German<\/a>).<br><br>It\u2019s the sixth library at FU Berlin to do so, after the University Library, the Library of Economics, the Library of Social Sciences and East European Studies, the Veterinary Library and the Earth Sciences Library. More information on lending services reopening you can finde <a href=\"https:\/\/www.fu-berlin.de\/en\/sites\/ub\/ueber-uns\/news\/Wiederoeffnung-der-Ausleihe.html\">here<\/a>, information of available workspaces <a href=\"https:\/\/www.fu-berlin.de\/en\/sites\/ub\/ueber-uns\/news\/Arbeitsplatz-Bibliothek.html\">here<\/a>. Other FU libraries will follow suit!<\/p>\n","protected":false},"excerpt":{"rendered":"<p>(See below for the English translation) Seit dem 7. August 2020 bietet die Bibliothek Rechtswissenschaft im Rahmen der Hygiene- und Abstandsregeln erweiterte \u00d6ffnungszeiten und die Reservierung von Arbeitspl\u00e4tzen in ihren Leses\u00e4len an (\u00d6ffnungszeiten im August: Mo-Fr 9-22 Uhr, Sa 9-20 Uhr, So 12-20 Uhr). Auch der Zugang zur gesamten gedruckten Literatur in den Leses\u00e4len ist &hellip; <a href=\"https:\/\/blogs.fu-berlin.de\/bibliotheken\/2020\/08\/07\/bibliothek-rechtswissenschaft-bietet-erweiterte-services-inkl-arbeitsplaetze-an\/\" class=\"more-link\"><span class=\"screen-reader-text\">\u201eBibliothek Rechtswissenschaft bietet erweiterte Services inkl. Arbeitspl\u00e4tze an\u201c<\/span> weiterlesen<\/a><\/p>\n","protected":false},"author":293,"featured_media":27421,"comment_status":"open","ping_status":"open","sticky":false,"template":"","format":"standard","meta":{"footnotes":""},"categories":[9,600],"tags":[1946,12161,318227,237887],"class_list":["post-27420","post","type-post","status-publish","format-standard","has-post-thumbnail","hentry","category-allgemein","category-fachbibliotheken","tag-ausleihe","tag-bibliothek-rechtswissenschaft","tag-einzelarbeitsplaetze","tag-kontaktarm"],"_links":{"self":[{"href":"https:\/\/blogs.fu-berlin.de\/bibliotheken\/wp-json\/wp\/v2\/posts\/27420","targetHints":{"allow":["GET"]}}],"collection":[{"href":"https:\/\/blogs.fu-berlin.de\/bibliotheken\/wp-json\/wp\/v2\/posts"}],"about":[{"href":"https:\/\/blogs.fu-berlin.de\/bibliotheken\/wp-json\/wp\/v2\/types\/post"}],"author":[{"embeddable":true,"href":"https:\/\/blogs.fu-berlin.de\/bibliotheken\/wp-json\/wp\/v2\/users\/293"}],"replies":[{"embeddable":true,"href":"https:\/\/blogs.fu-berlin.de\/bibliotheken\/wp-json\/wp\/v2\/comments?post=27420"}],"version-history":[{"count":6,"href":"https:\/\/blogs.fu-berlin.de\/bibliotheken\/wp-json\/wp\/v2\/posts\/27420\/revisions"}],"predecessor-version":[{"id":27435,"href":"https:\/\/blogs.fu-berlin.de\/bibliotheken\/wp-json\/wp\/v2\/posts\/27420\/revisions\/27435"}],"wp:featuredmedia":[{"embeddable":true,"href":"https:\/\/blogs.fu-berlin.de\/bibliotheken\/wp-json\/wp\/v2\/media\/27421"}],"wp:attachment":[{"href":"https:\/\/blogs.fu-berlin.de\/bibliotheken\/wp-json\/wp\/v2\/media?parent=27420"}],"wp:term":[{"taxonomy":"category","embeddable":true,"href":"https:\/\/blogs.fu-berlin.de\/bibliotheken\/wp-json\/wp\/v2\/categories?post=27420"},{"taxonomy":"post_tag","embeddable":true,"href":"https:\/\/blogs.fu-berlin.de\/bibliotheken\/wp-json\/wp\/v2\/tags?post=27420"}],"curies":[{"name":"wp","href":"https:\/\/api.w.org\/{rel}","templated":true}]}}