{"id":27477,"date":"2020-08-24T08:42:40","date_gmt":"2020-08-24T07:42:40","guid":{"rendered":"https:\/\/blogs.fu-berlin.de\/bibliotheken\/?p=27477"},"modified":"2021-09-13T10:26:48","modified_gmt":"2021-09-13T09:26:48","slug":"jugendfriedenspreis-der-deutschen-gesellschaft-fuer-die-vereinten-nationen-jetzt-bewerben","status":"publish","type":"post","link":"https:\/\/blogs.fu-berlin.de\/bibliotheken\/2020\/08\/24\/jugendfriedenspreis-der-deutschen-gesellschaft-fuer-die-vereinten-nationen-jetzt-bewerben\/","title":{"rendered":"Jugendfriedenspreis der Deutschen Gesellschaft f\u00fcr die Vereinten Nationen &#8211; jetzt bewerben"},"content":{"rendered":"\n<p><em><span class=\"has-inline-color has-bright-red-color\">Der Betrieb des &#8222;Dokumentationszentrums UN &#8211; EU&#8220; wird eingestellt. Die entsprechende Literatur bleibt im Bestand und ist weiterhin zug\u00e4nglich.<\/span><\/em><\/p>\n\n\n\n<p>Die Deutsche Gesellschaft f\u00fcr die Vereinten Nationen (DGVN) ruft junge Menschen, die sich mithilfe von eigenen initiierten Projekten f\u00fcr eine gerechtere Welt einsetzen, auf, sich f\u00fcr den Jugendfriedenspreis der Deutschen Gesellschaft f\u00fcr die Vereinten Nationen zu bewerben.<\/p>\n\n\n\n<p>Der DGVN Jugendfriedenspreis 2020 \u2013 dotiert mit 3000 Euro \u2013 wird voraussichtlich am 21. September 2020 an wegweisende junge Menschen und ihre Projekte verliehen. Damit soll ihr aktives Wirken f\u00fcr z.B. ein gleichberechtigtes, menschenw\u00fcrdiges Leben Aller, das Engagement f\u00fcr bessere Bildung von benachteiligten Kindern, gew\u00fcrdigt und gef\u00f6rdert werden.<\/p>\n\n\n\n<p>Bewerben k\u00f6nnen sich junge Menschen bis 29 Jahren, die in der Bundesrepublik Deutschland wohnen bzw. gemeldet sind. Sch\u00fclerinnen und Sch\u00fcler, Jugendliche welche ein soziales, kulturelles oder \u00f6kologisches Jahr absolvieren, BUFDIs, Azubis, Studierende, Berufsanf\u00e4nger oder Vergleichbares bilden die Zielgruppe.<\/p>\n\n\n\n<p>Noch mehr Informationen zur UN bekommen Sie in unserem <a href=\"https:\/\/www.ub.fu-berlin.de\/bibliothek\/uneu\/\">Dokumentationszentrum UN-EU<\/a>.<\/p>\n","protected":false},"excerpt":{"rendered":"<p>Der Betrieb des &#8222;Dokumentationszentrums UN &#8211; EU&#8220; wird eingestellt. Die entsprechende Literatur bleibt im Bestand und ist weiterhin zug\u00e4nglich. Die Deutsche Gesellschaft f\u00fcr die Vereinten Nationen (DGVN) ruft junge Menschen, die sich mithilfe von eigenen initiierten Projekten f\u00fcr eine gerechtere Welt einsetzen, auf, sich f\u00fcr den Jugendfriedenspreis der Deutschen Gesellschaft f\u00fcr die Vereinten Nationen zu &hellip; <a href=\"https:\/\/blogs.fu-berlin.de\/bibliotheken\/2020\/08\/24\/jugendfriedenspreis-der-deutschen-gesellschaft-fuer-die-vereinten-nationen-jetzt-bewerben\/\" class=\"more-link\"><span class=\"screen-reader-text\">\u201eJugendfriedenspreis der Deutschen Gesellschaft f\u00fcr die Vereinten Nationen &#8211; jetzt bewerben\u201c<\/span> weiterlesen<\/a><\/p>\n","protected":false},"author":3230,"featured_media":0,"comment_status":"open","ping_status":"open","sticky":false,"template":"","format":"standard","meta":{"footnotes":""},"categories":[9],"tags":[57511,57510,2458],"class_list":["post-27477","post","type-post","status-publish","format-standard","hentry","category-allgemein","tag-deutsche-gesellschaft-fuer-die-vereinten-nationen-e-v","tag-dgvn","tag-dokumentationszentrum-un-eu"],"_links":{"self":[{"href":"https:\/\/blogs.fu-berlin.de\/bibliotheken\/wp-json\/wp\/v2\/posts\/27477","targetHints":{"allow":["GET"]}}],"collection":[{"href":"https:\/\/blogs.fu-berlin.de\/bibliotheken\/wp-json\/wp\/v2\/posts"}],"about":[{"href":"https:\/\/blogs.fu-berlin.de\/bibliotheken\/wp-json\/wp\/v2\/types\/post"}],"author":[{"embeddable":true,"href":"https:\/\/blogs.fu-berlin.de\/bibliotheken\/wp-json\/wp\/v2\/users\/3230"}],"replies":[{"embeddable":true,"href":"https:\/\/blogs.fu-berlin.de\/bibliotheken\/wp-json\/wp\/v2\/comments?post=27477"}],"version-history":[{"count":3,"href":"https:\/\/blogs.fu-berlin.de\/bibliotheken\/wp-json\/wp\/v2\/posts\/27477\/revisions"}],"predecessor-version":[{"id":29067,"href":"https:\/\/blogs.fu-berlin.de\/bibliotheken\/wp-json\/wp\/v2\/posts\/27477\/revisions\/29067"}],"wp:attachment":[{"href":"https:\/\/blogs.fu-berlin.de\/bibliotheken\/wp-json\/wp\/v2\/media?parent=27477"}],"wp:term":[{"taxonomy":"category","embeddable":true,"href":"https:\/\/blogs.fu-berlin.de\/bibliotheken\/wp-json\/wp\/v2\/categories?post=27477"},{"taxonomy":"post_tag","embeddable":true,"href":"https:\/\/blogs.fu-berlin.de\/bibliotheken\/wp-json\/wp\/v2\/tags?post=27477"}],"curies":[{"name":"wp","href":"https:\/\/api.w.org\/{rel}","templated":true}]}}