{"id":27487,"date":"2020-08-28T12:00:00","date_gmt":"2020-08-28T11:00:00","guid":{"rendered":"https:\/\/blogs.fu-berlin.de\/bibliotheken\/?p=27487"},"modified":"2021-09-13T10:25:46","modified_gmt":"2021-09-13T09:25:46","slug":"livestream-mein-europa-junge-menschen-und-ihre-vorstellungen-zur-zukunft-europas","status":"publish","type":"post","link":"https:\/\/blogs.fu-berlin.de\/bibliotheken\/2020\/08\/28\/livestream-mein-europa-junge-menschen-und-ihre-vorstellungen-zur-zukunft-europas\/","title":{"rendered":"Livestream: Mein Europa \u2013 junge Menschen und ihre Vorstellungen zur Zukunft Europas"},"content":{"rendered":"\n<p><em><span class=\"has-inline-color has-bright-red-color\">Der Betrieb des &#8222;Dokumentationszentrums UN &#8211; EU&#8220; wird eingestellt. Die entsprechende Literatur bleibt im Bestand und ist weiterhin zug\u00e4nglich.<\/span><\/em><\/p>\n\n\n\n<p>Wie stellen sich junge, engagierte Europ\u00e4erinnen und Europ\u00e4er die Zukunft Europas vor? Was ist ihnen wichtig und was erwarten sie von europ\u00e4ischen Politikerinnen und Politikern? Wie m\u00f6chten sie an der Gestaltung der Europ\u00e4ischen Union mitwirken? Wie ber\u00fchrt sie die Europ\u00e4ische Union in ihrem t\u00e4glichen Leben?<\/p>\n\n\n\n<p>Am Mittwoch dem <strong>02. September 2020 von 16:00 -17:00 Uhr<\/strong>, diskutieren dar\u00fcber <strong>Helena Marschall<\/strong> (Aktivistin von Fridays for Future) und <strong>J\u00f6rg Woran<\/strong> (Vertreter der Europ\u00e4ischen Kommission in Deutschland) im Livestream.<\/p>\n\n\n\n<p>Ihre Fragen k\u00f6nnen sie auf&nbsp;<a href=\"https:\/\/urldefense.com\/v3\/__https:\/www.facebook.com\/eu.kommission__;!!DOxrgLBm!X2jGkCdR97lO1bcFZBlpDJcK4kdFh_YHpPu5qXqQ_T3B0OFJyqMECjiagyZ9JxuOAT7nH3LsRw$\">Facebook<\/a>&nbsp;oder \u00fcber&nbsp;<a href=\"https:\/\/urldefense.com\/v3\/__https:\/www.sli.do\/__;!!DOxrgLBm!X2jGkCdR97lO1bcFZBlpDJcK4kdFh_YHpPu5qXqQ_T3B0OFJyqMECjiagyZ9JxuOAT4g5fG49g$\">sli.do<\/a>, event code: 42239 stellen. Den Link zum Live-Stream finden Sie auf&nbsp;der <a href=\"https:\/\/urldefense.com\/v3\/__https:\/www.facebook.com\/eu.kommission__;!!DOxrgLBm!X2jGkCdR97lO1bcFZBlpDJcK4kdFh_YHpPu5qXqQ_T3B0OFJyqMECjiagyZ9JxuOAT7nH3LsRw$\">Facebookseite<\/a> der Europ\u00e4ischen Kommission &#8211; Vertretung in Deutschland.<\/p>\n\n\n\n<p>Noch mehr Informationen zur EU bekommen Sie in unserem <a href=\"https:\/\/www.ub.fu-berlin.de\/bibliothek\/uneu\/\">Dokumentationszentrum UN-EU<\/a>.<\/p>\n","protected":false},"excerpt":{"rendered":"<p>Der Betrieb des &#8222;Dokumentationszentrums UN &#8211; EU&#8220; wird eingestellt. Die entsprechende Literatur bleibt im Bestand und ist weiterhin zug\u00e4nglich. Wie stellen sich junge, engagierte Europ\u00e4erinnen und Europ\u00e4er die Zukunft Europas vor? Was ist ihnen wichtig und was erwarten sie von europ\u00e4ischen Politikerinnen und Politikern? Wie m\u00f6chten sie an der Gestaltung der Europ\u00e4ischen Union mitwirken? Wie &hellip; <a href=\"https:\/\/blogs.fu-berlin.de\/bibliotheken\/2020\/08\/28\/livestream-mein-europa-junge-menschen-und-ihre-vorstellungen-zur-zukunft-europas\/\" class=\"more-link\"><span class=\"screen-reader-text\">\u201eLivestream: Mein Europa \u2013 junge Menschen und ihre Vorstellungen zur Zukunft Europas\u201c<\/span> weiterlesen<\/a><\/p>\n","protected":false},"author":2907,"featured_media":27490,"comment_status":"open","ping_status":"open","sticky":false,"template":"","format":"standard","meta":{"footnotes":""},"categories":[9,70],"tags":[2458,56945,237868,318258],"class_list":["post-27487","post","type-post","status-publish","format-standard","has-post-thumbnail","hentry","category-allgemein","category-veranstaltungen","tag-dokumentationszentrum-un-eu","tag-europaeische-kommission","tag-europaeische-kommission-in-deutschland","tag-mein-europa"],"_links":{"self":[{"href":"https:\/\/blogs.fu-berlin.de\/bibliotheken\/wp-json\/wp\/v2\/posts\/27487","targetHints":{"allow":["GET"]}}],"collection":[{"href":"https:\/\/blogs.fu-berlin.de\/bibliotheken\/wp-json\/wp\/v2\/posts"}],"about":[{"href":"https:\/\/blogs.fu-berlin.de\/bibliotheken\/wp-json\/wp\/v2\/types\/post"}],"author":[{"embeddable":true,"href":"https:\/\/blogs.fu-berlin.de\/bibliotheken\/wp-json\/wp\/v2\/users\/2907"}],"replies":[{"embeddable":true,"href":"https:\/\/blogs.fu-berlin.de\/bibliotheken\/wp-json\/wp\/v2\/comments?post=27487"}],"version-history":[{"count":5,"href":"https:\/\/blogs.fu-berlin.de\/bibliotheken\/wp-json\/wp\/v2\/posts\/27487\/revisions"}],"predecessor-version":[{"id":29065,"href":"https:\/\/blogs.fu-berlin.de\/bibliotheken\/wp-json\/wp\/v2\/posts\/27487\/revisions\/29065"}],"wp:featuredmedia":[{"embeddable":true,"href":"https:\/\/blogs.fu-berlin.de\/bibliotheken\/wp-json\/wp\/v2\/media\/27490"}],"wp:attachment":[{"href":"https:\/\/blogs.fu-berlin.de\/bibliotheken\/wp-json\/wp\/v2\/media?parent=27487"}],"wp:term":[{"taxonomy":"category","embeddable":true,"href":"https:\/\/blogs.fu-berlin.de\/bibliotheken\/wp-json\/wp\/v2\/categories?post=27487"},{"taxonomy":"post_tag","embeddable":true,"href":"https:\/\/blogs.fu-berlin.de\/bibliotheken\/wp-json\/wp\/v2\/tags?post=27487"}],"curies":[{"name":"wp","href":"https:\/\/api.w.org\/{rel}","templated":true}]}}