{"id":27495,"date":"2020-09-03T12:00:00","date_gmt":"2020-09-03T11:00:00","guid":{"rendered":"https:\/\/blogs.fu-berlin.de\/bibliotheken\/?p=27495"},"modified":"2021-09-16T13:24:01","modified_gmt":"2021-09-16T12:24:01","slug":"75-jahre-75-dokumente","status":"publish","type":"post","link":"https:\/\/blogs.fu-berlin.de\/bibliotheken\/2020\/09\/03\/75-jahre-75-dokumente\/","title":{"rendered":"&#8222;75 Jahre &#8211; 75 Dokumente&#8220;"},"content":{"rendered":"\n<p><em><span class=\"has-inline-color has-bright-red-color\">Der Betrieb des \u201eDokumentationszentrums UN \u2013 EU\u201c wird eingestellt. Die entsprechende Literatur bleibt im Bestand und ist weiterhin zug\u00e4nglich.<\/span><\/em><\/p>\n\n\n\n<p>Die Vereinten Nationen werden 75 Jahre alt. Die <a href=\"https:\/\/library.un.org\">Dag Hammarskj\u00f6ld Library<\/a> pr\u00e4sentiert aus diesem Anlass <a href=\"https:\/\/research.un.org\/en\/UN75\">75 Schl\u00fcsseldokumente<\/a>, die die Vereinten Nationen und damit die Welt gepr\u00e4gt haben.<\/p>\n\n\n\n<p>Die ausgew\u00e4hlten Dokumente w\u00fcrdigen die Arbeit der Vereinten Nationen in den Bereichen Frieden und Sicherheit, humanit\u00e4re Hilfe, Entwicklung und Menschenrechte.<\/p>\n\n\n\n<p>Beginnend mit der <a href=\"http:\/\/avalon.law.yale.edu\/imt\/imtjames.asp\"><strong>Inter-allied Declaration of St. James&#8217;s Palace<\/strong><\/a> aus dem Juni 1941, der <strong><a href=\"http:\/\/www.unmultimedia.org\/searchers\/yearbook\/page.jsp?volume=1946-47&amp;bookpage=831\">Charter of the United Nations and Statute of the International Court of Justice<\/a><\/strong> vom 26. Juni 1945, der <a href=\"http:\/\/undocs.org\/A\/RES\/1001(ES-I)\"><strong>ersten Peacekeeping Mission<\/strong><\/a> 1956, der <strong><a href=\"http:\/\/undocs.org\/en\/A\/RES\/1386%20(XIV)\">Declaration of the Rights of the Child<\/a><\/strong> von 1959, dem  <strong><a href=\"http:\/\/undocs.org\/en\/E\/CONF.70\/29\">Report of the UN Water Conference<\/a><\/strong> von 1977, der ersten Resolution zum <strong><a href=\"http:\/\/undocs.org\/en\/a\/res\/43\/53\">Protection of global climate for present &amp; future generations of mankind<\/a><\/strong> von 1988, der <strong><a href=\"http:\/\/undocs.org\/en\/S\/RES\/827(1993)\">Security Council resolution on the International Criminal Tribunal for the former Yugoslavia<\/a><\/strong> 1993, dem <strong><a href=\"http:\/\/unfccc.int\/resource\/docs\/convkp\/kpeng.pdf\">The Kyoto Protocol to the United Nations Framework Convention on Climate Change<\/a><\/strong> 1997, der <strong><a href=\"http:\/\/undocs.org\/en\/A\/RES\/S-26\/2\">Declaration of Commitment on HIV\/AIDS<\/a><\/strong> 2001 \u00fcber die<strong> <a href=\"http:\/\/undocs.org\/en\/A\/RES\/64\/289\">Gr\u00fcndung von UN Women<\/a> <\/strong>2010 bis hin zur <strong><a href=\"https:\/\/undocs.org\/A\/RES\/74\/270\">Global solidarity to fight the coronavirus disease 2019 (COVID-19)<\/a><\/strong> in 2020, um nur einige zu nennen.<\/p>\n\n\n\n<p>Vieles erscheint uns heute selbstverst\u00e4ndlich oder gar inzwischen \u00fcberfl\u00fcssig aber jedes dieser 75 Dokumente ist ein wahrer Meilenstein in der Menschheitsgeschichte. Es gilt diese gemeinsamen Nenner aller Nationen zu sch\u00fctzen und zu wahren. Denn auch nach 75 Jahren Vereinte Nationen, leben die Menschen auf der Welt alles andere als friedlich miteinander, sch\u00fctzen nicht selbstverst\u00e4ndlich die Umwelt in der sie leben und werden die Rechte der Menschen vielerorts mit F\u00fc\u00dfen getreten.<\/p>\n\n\n\n<p>Noch mehr Informationen zur UN bekommen Sie in unserem <a href=\"https:\/\/www.ub.fu-berlin.de\/bibliothek\/uneu\/\">Dokumentationszentrum UN-EU<\/a>.<\/p>\n","protected":false},"excerpt":{"rendered":"<p>Der Betrieb des \u201eDokumentationszentrums UN \u2013 EU\u201c wird eingestellt. Die entsprechende Literatur bleibt im Bestand und ist weiterhin zug\u00e4nglich. Die Vereinten Nationen werden 75 Jahre alt. Die Dag Hammarskj\u00f6ld Library pr\u00e4sentiert aus diesem Anlass 75 Schl\u00fcsseldokumente, die die Vereinten Nationen und damit die Welt gepr\u00e4gt haben. Die ausgew\u00e4hlten Dokumente w\u00fcrdigen die Arbeit der Vereinten Nationen &hellip; <a href=\"https:\/\/blogs.fu-berlin.de\/bibliotheken\/2020\/09\/03\/75-jahre-75-dokumente\/\" class=\"more-link\"><span class=\"screen-reader-text\">\u201e&#8222;75 Jahre &#8211; 75 Dokumente&#8220;\u201c<\/span> weiterlesen<\/a><\/p>\n","protected":false},"author":2907,"featured_media":27501,"comment_status":"open","ping_status":"open","sticky":false,"template":"","format":"standard","meta":{"footnotes":""},"categories":[9],"tags":[318260,56879,2458,12086],"class_list":["post-27495","post","type-post","status-publish","format-standard","has-post-thumbnail","hentry","category-allgemein","tag-75-jahre-vereinte-nationen","tag-dag-hammarskjoeld-library","tag-dokumentationszentrum-un-eu","tag-vereinte-nationen"],"_links":{"self":[{"href":"https:\/\/blogs.fu-berlin.de\/bibliotheken\/wp-json\/wp\/v2\/posts\/27495","targetHints":{"allow":["GET"]}}],"collection":[{"href":"https:\/\/blogs.fu-berlin.de\/bibliotheken\/wp-json\/wp\/v2\/posts"}],"about":[{"href":"https:\/\/blogs.fu-berlin.de\/bibliotheken\/wp-json\/wp\/v2\/types\/post"}],"author":[{"embeddable":true,"href":"https:\/\/blogs.fu-berlin.de\/bibliotheken\/wp-json\/wp\/v2\/users\/2907"}],"replies":[{"embeddable":true,"href":"https:\/\/blogs.fu-berlin.de\/bibliotheken\/wp-json\/wp\/v2\/comments?post=27495"}],"version-history":[{"count":8,"href":"https:\/\/blogs.fu-berlin.de\/bibliotheken\/wp-json\/wp\/v2\/posts\/27495\/revisions"}],"predecessor-version":[{"id":29603,"href":"https:\/\/blogs.fu-berlin.de\/bibliotheken\/wp-json\/wp\/v2\/posts\/27495\/revisions\/29603"}],"wp:featuredmedia":[{"embeddable":true,"href":"https:\/\/blogs.fu-berlin.de\/bibliotheken\/wp-json\/wp\/v2\/media\/27501"}],"wp:attachment":[{"href":"https:\/\/blogs.fu-berlin.de\/bibliotheken\/wp-json\/wp\/v2\/media?parent=27495"}],"wp:term":[{"taxonomy":"category","embeddable":true,"href":"https:\/\/blogs.fu-berlin.de\/bibliotheken\/wp-json\/wp\/v2\/categories?post=27495"},{"taxonomy":"post_tag","embeddable":true,"href":"https:\/\/blogs.fu-berlin.de\/bibliotheken\/wp-json\/wp\/v2\/tags?post=27495"}],"curies":[{"name":"wp","href":"https:\/\/api.w.org\/{rel}","templated":true}]}}