{"id":27534,"date":"2020-09-14T12:00:00","date_gmt":"2020-09-14T11:00:00","guid":{"rendered":"https:\/\/blogs.fu-berlin.de\/bibliotheken\/?p=27534"},"modified":"2021-09-13T10:23:28","modified_gmt":"2021-09-13T09:23:28","slug":"16-september-2020-rede-zur-lage-der-europaeischen-union-2020","status":"publish","type":"post","link":"https:\/\/blogs.fu-berlin.de\/bibliotheken\/2020\/09\/14\/16-september-2020-rede-zur-lage-der-europaeischen-union-2020\/","title":{"rendered":"16. September 2020: Rede zur Lage der Europ\u00e4ischen Union 2020"},"content":{"rendered":"\n<p><em><span class=\"has-inline-color has-bright-red-color\">Der Betrieb des &#8222;Dokumentationszentrums UN &#8211; EU&#8220; wird eingestellt. Die entsprechende Literatur bleibt im Bestand und ist weiterhin zug\u00e4nglich.<\/span><\/em><\/p>\n\n\n\n<p>Jedes Jahr im September h\u00e4lt der\/die Pr\u00e4sident\/in der Europ\u00e4ischen Kommission vor dem Europ\u00e4ischen Parlament eine <a href=\"https:\/\/ec.europa.eu\/info\/strategy\/strategic-planning\/state-union-addresses\/state-union-2020_en\">Rede zur Lage der Europ\u00e4ischen Union<\/a>, in der eine Bestandsaufnahme der Erfolge des vergangenen Jahres erfolgt und Priorit\u00e4ten f\u00fcr das kommende Jahr vorlegt werden.<\/p>\n\n\n\n<p>Erl\u00e4utert wird auch, wie die Kommission die dringendsten Herausforderungen f\u00fcr die Europ\u00e4ische Union angehen und Ideen f\u00fcr die Gestaltung der Zukunft der Europ\u00e4ischen Union entwickeln wird. Es gelten weiterhin die Priorit\u00e4ten, die zu Beginn des Mandats festgelegt wurden: die Umsetzung des <a href=\"https:\/\/ec.europa.eu\/info\/strategy\/priorities-2019-2024\/european-green-deal_en\">European&nbsp;Green Deal<\/a> und die <a href=\"https:\/\/ec.europa.eu\/info\/strategy\/priorities-2019-2024\/europe-fit-digital-age_en\">Digitale Strategie<\/a>.<\/p>\n\n\n\n<p>Ursula von der Leyen, Pr\u00e4sidentin der Europ\u00e4ischen Kommission, wird am Mittwoch dem <strong>16. September 2020<\/strong> ihre Ansprache halten. Auf die Rede folgt eine Plenardebatte mit Mitgliedern des Europ\u00e4ischen Parlaments. \u00dcber den <a href=\"https:\/\/audiovisual.ec.europa.eu\/en\/ebs\/live\/1\">Audiovisual Service<\/a> der Europ\u00e4ischen Kommission k\u00f6nnen Sie die Rede und Debatte ab 9:00 Uhr live verfolgen.<\/p>\n\n\n\n<p>Im Anschluss l\u00e4dt die Vertretung der Europ\u00e4ischen Kommission in Deutschland zu einer Online-Diskussion:<\/p>\n\n\n\n<p><strong>Dr. Linn Selle<\/strong> (Pr\u00e4sidentin der Europ\u00e4ischen Bewegung Deutschland e.V.) und&nbsp;<strong>Lucas Guttenberg<\/strong> (stellvertretender Direktor des Jacques Delors Centre an der Hertie School of Governance) werden die Rede kommentieren und diskutieren&nbsp;<\/p>\n\n\n\n<p>Moderation:&nbsp;<strong>Cerstin Gammelin<\/strong>,&nbsp;<em>S\u00fcddeutsche Zeitung<\/em><\/p>\n\n\n\n<p>Nehmen Sie an der Diskussion am&nbsp;<strong>16. September 2020, von&nbsp;&nbsp;10.00 \u2013 11.00 Uhr&nbsp;<\/strong>im Livestream auf&nbsp;<a href=\"https:\/\/urldefense.com\/v3\/__http:\/www.youtube.com\/c\/Europ**AischeKommissionVertretunginDeutschlandBerlin\/live__;w6Q!!DOxrgLBm!RGyYRWsaOJ0Fs0hW3LI7jN246JjoJHOwCOSKtcHe8oZyy_JzJwEK5f4IAbQ1gxhvX4gqRHwHQQ$\">Youtube<\/a>,&nbsp;<a href=\"https:\/\/urldefense.com\/v3\/__https:\/www.facebook.com\/eu.kommission\/live\/__;!!DOxrgLBm!RGyYRWsaOJ0Fs0hW3LI7jN246JjoJHOwCOSKtcHe8oZyy_JzJwEK5f4IAbQ1gxhvX4h9Gq1VKA$\">Facebook<\/a>&nbsp;und&nbsp;<a href=\"https:\/\/urldefense.com\/v3\/__https:\/twitter.com\/EUinDE__;!!DOxrgLBm!RGyYRWsaOJ0Fs0hW3LI7jN246JjoJHOwCOSKtcHe8oZyy_JzJwEK5f4IAbQ1gxhvX4j3Gb8HMA$\">Twitter<\/a>&nbsp;teil.<\/p>\n\n\n\n<p>Stellen Sie Ihre Fragen auf&nbsp;<a href=\"https:\/\/urldefense.com\/v3\/__https:\/www.sli.do\/de__;!!DOxrgLBm!RGyYRWsaOJ0Fs0hW3LI7jN246JjoJHOwCOSKtcHe8oZyy_JzJwEK5f4IAbQ1gxhvX4jGMVNC3w$\">Sli.do<\/a>&nbsp;(#SOTEUinDE) oder in den Kommentaren unter dem Livestream auf der von Ihnen ausgew\u00e4hlten Plattform.<\/p>\n\n\n\n<p>Noch mehr Informationen zur EU bekommen Sie in unserem <a href=\"https:\/\/www.ub.fu-berlin.de\/bibliothek\/uneu\/\">Dokumentationszentrum UN-EU<\/a>.<\/p>\n","protected":false},"excerpt":{"rendered":"<p>Der Betrieb des &#8222;Dokumentationszentrums UN &#8211; EU&#8220; wird eingestellt. Die entsprechende Literatur bleibt im Bestand und ist weiterhin zug\u00e4nglich. Jedes Jahr im September h\u00e4lt der\/die Pr\u00e4sident\/in der Europ\u00e4ischen Kommission vor dem Europ\u00e4ischen Parlament eine Rede zur Lage der Europ\u00e4ischen Union, in der eine Bestandsaufnahme der Erfolge des vergangenen Jahres erfolgt und Priorit\u00e4ten f\u00fcr das kommende &hellip; <a href=\"https:\/\/blogs.fu-berlin.de\/bibliotheken\/2020\/09\/14\/16-september-2020-rede-zur-lage-der-europaeischen-union-2020\/\" class=\"more-link\"><span class=\"screen-reader-text\">\u201e16. September 2020: Rede zur Lage der Europ\u00e4ischen Union 2020\u201c<\/span> weiterlesen<\/a><\/p>\n","protected":false},"author":2907,"featured_media":27539,"comment_status":"open","ping_status":"open","sticky":false,"template":"","format":"standard","meta":{"footnotes":""},"categories":[9,70],"tags":[318267,2458,318264,318266,318265,227498,318268],"class_list":["post-27534","post","type-post","status-publish","format-standard","has-post-thumbnail","hentry","category-allgemein","category-veranstaltungen","tag-digitale-strategie","tag-dokumentationszentrum-un-eu","tag-europaeische-kommession","tag-european-green-deal","tag-lage-der-europaeischen-union","tag-ursula-von-der-leyen","tag-vertretung-der-europaeischen-kommission-in-deutschland"],"_links":{"self":[{"href":"https:\/\/blogs.fu-berlin.de\/bibliotheken\/wp-json\/wp\/v2\/posts\/27534","targetHints":{"allow":["GET"]}}],"collection":[{"href":"https:\/\/blogs.fu-berlin.de\/bibliotheken\/wp-json\/wp\/v2\/posts"}],"about":[{"href":"https:\/\/blogs.fu-berlin.de\/bibliotheken\/wp-json\/wp\/v2\/types\/post"}],"author":[{"embeddable":true,"href":"https:\/\/blogs.fu-berlin.de\/bibliotheken\/wp-json\/wp\/v2\/users\/2907"}],"replies":[{"embeddable":true,"href":"https:\/\/blogs.fu-berlin.de\/bibliotheken\/wp-json\/wp\/v2\/comments?post=27534"}],"version-history":[{"count":8,"href":"https:\/\/blogs.fu-berlin.de\/bibliotheken\/wp-json\/wp\/v2\/posts\/27534\/revisions"}],"predecessor-version":[{"id":29058,"href":"https:\/\/blogs.fu-berlin.de\/bibliotheken\/wp-json\/wp\/v2\/posts\/27534\/revisions\/29058"}],"wp:featuredmedia":[{"embeddable":true,"href":"https:\/\/blogs.fu-berlin.de\/bibliotheken\/wp-json\/wp\/v2\/media\/27539"}],"wp:attachment":[{"href":"https:\/\/blogs.fu-berlin.de\/bibliotheken\/wp-json\/wp\/v2\/media?parent=27534"}],"wp:term":[{"taxonomy":"category","embeddable":true,"href":"https:\/\/blogs.fu-berlin.de\/bibliotheken\/wp-json\/wp\/v2\/categories?post=27534"},{"taxonomy":"post_tag","embeddable":true,"href":"https:\/\/blogs.fu-berlin.de\/bibliotheken\/wp-json\/wp\/v2\/tags?post=27534"}],"curies":[{"name":"wp","href":"https:\/\/api.w.org\/{rel}","templated":true}]}}