{"id":27558,"date":"2020-09-17T10:19:00","date_gmt":"2020-09-17T09:19:00","guid":{"rendered":"https:\/\/blogs.fu-berlin.de\/bibliotheken\/?p=27558"},"modified":"2021-09-13T10:22:18","modified_gmt":"2021-09-13T09:22:18","slug":"75-jahre-un-2020-und-darueber-hinaus","status":"publish","type":"post","link":"https:\/\/blogs.fu-berlin.de\/bibliotheken\/2020\/09\/17\/75-jahre-un-2020-und-darueber-hinaus\/","title":{"rendered":"75 Jahre UN &#8211; 2020 und dar\u00fcber hinaus"},"content":{"rendered":"\n<p><em><span class=\"has-inline-color has-bright-red-color\">Der Betrieb des &#8222;Dokumentationszentrums UN &#8211; EU&#8220; wird eingestellt. Die entsprechende Literatur bleibt im Bestand und ist weiterhin zug\u00e4nglich.<\/span><\/em><\/p>\n\n\n\n<p>Die <a href=\"https:\/\/www.un.org\/en\/un75\">Vereinten Nationen feiern ihr 75-j\u00e4hriges Bestehen<\/a> in einer Zeit, die gepr\u00e4gt ist durch eine beispiellose globale Gesundheitskrise mit schwerwiegenden wirtschaftlichen und sozialen Auswirkungen. Bereits mehrfach haben wir hier im Blog \u00fcber einzelne Aktionen zum 75-j\u00e4hrigem Bestehen der Vereinten Nationen berichtet. <\/p>\n\n\n\n<p>Die Vereinten Nationen haben eine Umfrage auf eine Webseite gestellt (<a href=\"http:\/\/www.un75.online\/\">www.un75.online<\/a>), auf der herausgefunden werden soll, welche Aktionsfelder in Zukunft noch st\u00e4rker bedient werden sollen. Au\u00dferdem gibt es ein <a href=\"https:\/\/www.un.org\/sites\/un2.un.org\/files\/un75_update_report_april_2020_final.pdf\">Update-Bericht zur Arbeit des UN75-B\u00fcros<\/a>, welcher hier gelesen werden kann.<\/p>\n\n\n\n<p>Auch <a href=\"https:\/\/news.un.org\/en\/audio\/2020\/01\/1054991\">ein Podcast zum Thema &#8222;75 Jahre UN&#8220;<\/a> in der Reihe mit dem Namen &#8222;UNcomplicated&#8220; wurde ver\u00f6ffentlicht. Dort reden Gastgeber Sinduja Srinivasan und Jason DeWall mit Fabrizio Hochschild \u00fcber die Sorgen der momentanen Generationen und \u00fcber die Pl\u00e4ne, die Relevanz der Vereinten Nationen auch in der Zukunft zu wahren.<\/p>\n\n\n\n<p>Die <a href=\"https:\/\/library.un.org\">Dag Hammarskj\u00f6ld Library<\/a> pr\u00e4sentiert zum 75 Jahre Jubil\u00e4um  <a href=\"https:\/\/research.un.org\/en\/UN75\">75 Schl\u00fcsseldokumente<\/a>, die die Vereinten Nationen und damit die Welt gepr\u00e4gt haben.<\/p>\n\n\n\n<p>Noch mehr Informationen zur UN bekommen Sie in unserem <a href=\"https:\/\/www.ub.fu-berlin.de\/bibliothek\/uneu\/\">Dokumentationszentrum UN-EU<\/a>.<\/p>\n\n\n\n<p> <\/p>\n","protected":false},"excerpt":{"rendered":"<p>Der Betrieb des &#8222;Dokumentationszentrums UN &#8211; EU&#8220; wird eingestellt. Die entsprechende Literatur bleibt im Bestand und ist weiterhin zug\u00e4nglich. Die Vereinten Nationen feiern ihr 75-j\u00e4hriges Bestehen in einer Zeit, die gepr\u00e4gt ist durch eine beispiellose globale Gesundheitskrise mit schwerwiegenden wirtschaftlichen und sozialen Auswirkungen. Bereits mehrfach haben wir hier im Blog \u00fcber einzelne Aktionen zum 75-j\u00e4hrigem &hellip; <a href=\"https:\/\/blogs.fu-berlin.de\/bibliotheken\/2020\/09\/17\/75-jahre-un-2020-und-darueber-hinaus\/\" class=\"more-link\"><span class=\"screen-reader-text\">\u201e75 Jahre UN &#8211; 2020 und dar\u00fcber hinaus\u201c<\/span> weiterlesen<\/a><\/p>\n","protected":false},"author":3230,"featured_media":0,"comment_status":"open","ping_status":"open","sticky":false,"template":"","format":"standard","meta":{"footnotes":""},"categories":[9],"tags":[2458,410,218440,12086],"class_list":["post-27558","post","type-post","status-publish","format-standard","hentry","category-allgemein","tag-dokumentationszentrum-un-eu","tag-jubilaum","tag-united-nations","tag-vereinte-nationen"],"_links":{"self":[{"href":"https:\/\/blogs.fu-berlin.de\/bibliotheken\/wp-json\/wp\/v2\/posts\/27558","targetHints":{"allow":["GET"]}}],"collection":[{"href":"https:\/\/blogs.fu-berlin.de\/bibliotheken\/wp-json\/wp\/v2\/posts"}],"about":[{"href":"https:\/\/blogs.fu-berlin.de\/bibliotheken\/wp-json\/wp\/v2\/types\/post"}],"author":[{"embeddable":true,"href":"https:\/\/blogs.fu-berlin.de\/bibliotheken\/wp-json\/wp\/v2\/users\/3230"}],"replies":[{"embeddable":true,"href":"https:\/\/blogs.fu-berlin.de\/bibliotheken\/wp-json\/wp\/v2\/comments?post=27558"}],"version-history":[{"count":4,"href":"https:\/\/blogs.fu-berlin.de\/bibliotheken\/wp-json\/wp\/v2\/posts\/27558\/revisions"}],"predecessor-version":[{"id":29056,"href":"https:\/\/blogs.fu-berlin.de\/bibliotheken\/wp-json\/wp\/v2\/posts\/27558\/revisions\/29056"}],"wp:attachment":[{"href":"https:\/\/blogs.fu-berlin.de\/bibliotheken\/wp-json\/wp\/v2\/media?parent=27558"}],"wp:term":[{"taxonomy":"category","embeddable":true,"href":"https:\/\/blogs.fu-berlin.de\/bibliotheken\/wp-json\/wp\/v2\/categories?post=27558"},{"taxonomy":"post_tag","embeddable":true,"href":"https:\/\/blogs.fu-berlin.de\/bibliotheken\/wp-json\/wp\/v2\/tags?post=27558"}],"curies":[{"name":"wp","href":"https:\/\/api.w.org\/{rel}","templated":true}]}}