{"id":27560,"date":"2020-09-07T11:27:57","date_gmt":"2020-09-07T10:27:57","guid":{"rendered":"https:\/\/blogs.fu-berlin.de\/bibliotheken\/?p=27560"},"modified":"2020-09-07T11:29:08","modified_gmt":"2020-09-07T10:29:08","slug":"fernleihe-via-kobv-vom-07-08-09-2020-unterbrochen","status":"publish","type":"post","link":"https:\/\/blogs.fu-berlin.de\/bibliotheken\/2020\/09\/07\/fernleihe-via-kobv-vom-07-08-09-2020-unterbrochen\/","title":{"rendered":"Fernleihe via KOBV vom 07.-08.09.2020 unterbrochen"},"content":{"rendered":"\n<p>Wegen turnusm\u00e4\u00dfiger Wartungsarbeiten beim <a href=\"https:\/\/www.kobv.de\/\">Kooperativen Bibliotheksverbund Berlin-Brandenburg (KOBV)<\/a> wird es <strong>am heutigen Montag den 7. September 2020 <\/strong>ab 20 Uhr bis voraussichtlich <strong>Dienstag den 8. September 2020 <\/strong>bis ca. 24 Uhr zu Betriebsunterbrechungen kommen. In dieser Zeit werden keine Fernleihbestellungen m\u00f6glich sein:<\/p>\n\n\n\n<p><img loading=\"lazy\" decoding=\"async\" class=\"size-full wp-image-21537 aligncenter\" style=\"border: 1px solid black\" src=\"https:\/\/blogs.fu-berlin.de\/bibliotheken\/files\/2020\/09\/Fernleihe-2.png\" alt=\"\" width=\"288\" height=\"80\"><\/p>\n\n\n\n<p>Im genannten Zeitraum sind dar\u00fcber hinaus weitere Dienste des KOBV selbst (KOBV-Portal, -Bibliothekenf\u00fchrer u. a.) nicht zug\u00e4nglich (vgl. <a href=\"https:\/\/www.kobv.de\/wartungstag-am-zib-08-09-20\/\">Homepage des KOBV<\/a>).<\/p>\n\n\n\n<p><strong>Das Bibliotheksportal Primo ist nicht betroffen.<\/strong><\/p>\n\n\n\n<p>Etwaige Unannehmlichkeiten bitten wir zu entschuldigen! Ab 9. September 2020 sollen dann alle Services wieder zu Verf\u00fcgung stehen. Die KOBV-informiert w\u00e4hrend des Wartungstages via Twitter (<a href=\"https:\/\/twitter.com\/kobv_zt\">kobv_zt<\/a>) \u00fcber wichtige Entwicklungen.<\/p>\n","protected":false},"excerpt":{"rendered":"<p>Wegen turnusm\u00e4\u00dfiger Wartungsarbeiten beim Kooperativen Bibliotheksverbund Berlin-Brandenburg (KOBV) wird es am heutigen Montag den 7. September 2020 ab 20 Uhr bis voraussichtlich Dienstag den 8. September 2020 bis ca. 24 Uhr zu Betriebsunterbrechungen kommen. In dieser Zeit werden keine Fernleihbestellungen m\u00f6glich sein: Im genannten Zeitraum sind dar\u00fcber hinaus weitere Dienste des KOBV selbst (KOBV-Portal, -Bibliothekenf\u00fchrer &hellip; <a href=\"https:\/\/blogs.fu-berlin.de\/bibliotheken\/2020\/09\/07\/fernleihe-via-kobv-vom-07-08-09-2020-unterbrochen\/\" class=\"more-link\"><span class=\"screen-reader-text\">\u201eFernleihe via KOBV vom 07.-08.09.2020 unterbrochen\u201c<\/span> weiterlesen<\/a><\/p>\n","protected":false},"author":293,"featured_media":0,"comment_status":"open","ping_status":"open","sticky":false,"template":"","format":"standard","meta":{"footnotes":""},"categories":[9,518],"tags":[749,1778,2431],"class_list":["post-27560","post","type-post","status-publish","format-standard","hentry","category-allgemein","category-fu-kataloge","tag-fernleihe","tag-kobv","tag-wartungstag"],"_links":{"self":[{"href":"https:\/\/blogs.fu-berlin.de\/bibliotheken\/wp-json\/wp\/v2\/posts\/27560","targetHints":{"allow":["GET"]}}],"collection":[{"href":"https:\/\/blogs.fu-berlin.de\/bibliotheken\/wp-json\/wp\/v2\/posts"}],"about":[{"href":"https:\/\/blogs.fu-berlin.de\/bibliotheken\/wp-json\/wp\/v2\/types\/post"}],"author":[{"embeddable":true,"href":"https:\/\/blogs.fu-berlin.de\/bibliotheken\/wp-json\/wp\/v2\/users\/293"}],"replies":[{"embeddable":true,"href":"https:\/\/blogs.fu-berlin.de\/bibliotheken\/wp-json\/wp\/v2\/comments?post=27560"}],"version-history":[{"count":2,"href":"https:\/\/blogs.fu-berlin.de\/bibliotheken\/wp-json\/wp\/v2\/posts\/27560\/revisions"}],"predecessor-version":[{"id":27570,"href":"https:\/\/blogs.fu-berlin.de\/bibliotheken\/wp-json\/wp\/v2\/posts\/27560\/revisions\/27570"}],"wp:attachment":[{"href":"https:\/\/blogs.fu-berlin.de\/bibliotheken\/wp-json\/wp\/v2\/media?parent=27560"}],"wp:term":[{"taxonomy":"category","embeddable":true,"href":"https:\/\/blogs.fu-berlin.de\/bibliotheken\/wp-json\/wp\/v2\/categories?post=27560"},{"taxonomy":"post_tag","embeddable":true,"href":"https:\/\/blogs.fu-berlin.de\/bibliotheken\/wp-json\/wp\/v2\/tags?post=27560"}],"curies":[{"name":"wp","href":"https:\/\/api.w.org\/{rel}","templated":true}]}}