{"id":2758,"date":"2009-09-21T13:28:16","date_gmt":"2009-09-21T12:28:16","guid":{"rendered":"https:\/\/blogs.fu-berlin.de\/bibliotheken\/?p=2758"},"modified":"2009-10-16T12:00:07","modified_gmt":"2009-10-16T11:00:07","slug":"fu-katalog-wird-englischsprachig","status":"publish","type":"post","link":"https:\/\/blogs.fu-berlin.de\/bibliotheken\/2009\/09\/21\/fu-katalog-wird-englischsprachig\/","title":{"rendered":"FU-Katalog wird englischsprachig"},"content":{"rendered":"<p><img loading=\"lazy\" decoding=\"async\" src=\"https:\/\/blogs.fu-berlin.de\/bibliotheken\/files\/2009\/09\/search.jpg\" alt=\"\" hspace=\"3\" width=\"179\" height=\"20\" align=\"right\" \/>Dem einen oder anderen d\u00fcrfte es eventuell schon aufgefallen sein \u2013 der Online-Katalog kommt ab heute <a href=\"https:\/\/sf4.ub.fu-berlin.de\/F\/?func=option-update-lng&amp;file_name=find-b&amp;F2=pc-latin&amp;P_CON_LNG=ENG&amp;DOC_LNG_00=ALL&amp;x=50&amp;y=14\">englischsprachig <\/a>daher. In mehrmonatiger Arbeit wurden Anzeigen und Infotexte angepasst, so dass wir endg\u00fcltig der provisorischen \u00dcbersetzungshilfe im DIN-A4-Format <em>bye bye<\/em> sagen k\u00f6nnen.<\/p>\n<p>Umschalten auf die englischsprachige Benutzeroberfl\u00e4che kann man ab sofort \u00fcber den Link <em>English <\/em>in der oberen rechten Ecke des Fensters. Dort stehen die einfache Suche (&#8222;Basic&#8220;), der Index (&#8222;Browse&#8220;) und die Mehrere-Kataloge-Suche (&#8222;Multi-base&#8220;) mit den verschiedenen Sucheinstiegen zur Verf\u00fcgung.<\/p>\n<p>Ein riesiges Danke an das <em>Aleph-Hilfe-Team<\/em> um unsere Kollegin Viola Taylor und die zahlreichen Tester, die den englischsprachigen FU-Katalog mit auf den Weg gebracht haben <img decoding=\"async\" class=\"wp-smiley\" src=\"https:\/\/blogs.fu-berlin.de\/bibliotheken\/wp-includes\/images\/smilies\/icon_smile.gif\" alt=\":-)\" \/>!<\/p>\n","protected":false},"excerpt":{"rendered":"<p>Dem einen oder anderen d\u00fcrfte es eventuell schon aufgefallen sein \u2013 der Online-Katalog kommt ab heute englischsprachig daher. In mehrmonatiger Arbeit wurden Anzeigen und Infotexte angepasst, so dass wir endg\u00fcltig der provisorischen \u00dcbersetzungshilfe im DIN-A4-Format bye bye sagen k\u00f6nnen. Umschalten auf die englischsprachige Benutzeroberfl\u00e4che kann man ab sofort \u00fcber den Link English in der oberen &hellip; <a href=\"https:\/\/blogs.fu-berlin.de\/bibliotheken\/2009\/09\/21\/fu-katalog-wird-englischsprachig\/\" class=\"more-link\"><span class=\"screen-reader-text\">\u201eFU-Katalog wird englischsprachig\u201c<\/span> weiterlesen<\/a><\/p>\n","protected":false},"author":293,"featured_media":0,"comment_status":"open","ping_status":"open","sticky":false,"template":"","format":"standard","meta":{"footnotes":""},"categories":[9,518],"tags":[1059,359,644],"class_list":["post-2758","post","type-post","status-publish","format-standard","hentry","category-allgemein","category-fu-kataloge","tag-benutzeroberflache","tag-englisch","tag-fu-katalog"],"_links":{"self":[{"href":"https:\/\/blogs.fu-berlin.de\/bibliotheken\/wp-json\/wp\/v2\/posts\/2758","targetHints":{"allow":["GET"]}}],"collection":[{"href":"https:\/\/blogs.fu-berlin.de\/bibliotheken\/wp-json\/wp\/v2\/posts"}],"about":[{"href":"https:\/\/blogs.fu-berlin.de\/bibliotheken\/wp-json\/wp\/v2\/types\/post"}],"author":[{"embeddable":true,"href":"https:\/\/blogs.fu-berlin.de\/bibliotheken\/wp-json\/wp\/v2\/users\/293"}],"replies":[{"embeddable":true,"href":"https:\/\/blogs.fu-berlin.de\/bibliotheken\/wp-json\/wp\/v2\/comments?post=2758"}],"version-history":[{"count":11,"href":"https:\/\/blogs.fu-berlin.de\/bibliotheken\/wp-json\/wp\/v2\/posts\/2758\/revisions"}],"predecessor-version":[{"id":3038,"href":"https:\/\/blogs.fu-berlin.de\/bibliotheken\/wp-json\/wp\/v2\/posts\/2758\/revisions\/3038"}],"wp:attachment":[{"href":"https:\/\/blogs.fu-berlin.de\/bibliotheken\/wp-json\/wp\/v2\/media?parent=2758"}],"wp:term":[{"taxonomy":"category","embeddable":true,"href":"https:\/\/blogs.fu-berlin.de\/bibliotheken\/wp-json\/wp\/v2\/categories?post=2758"},{"taxonomy":"post_tag","embeddable":true,"href":"https:\/\/blogs.fu-berlin.de\/bibliotheken\/wp-json\/wp\/v2\/tags?post=2758"}],"curies":[{"name":"wp","href":"https:\/\/api.w.org\/{rel}","templated":true}]}}