{"id":27585,"date":"2020-09-12T12:00:00","date_gmt":"2020-09-12T11:00:00","guid":{"rendered":"https:\/\/blogs.fu-berlin.de\/bibliotheken\/?p=27585"},"modified":"2021-09-13T10:24:11","modified_gmt":"2021-09-13T09:24:11","slug":"european-research-and-innovation-days-22-24-09-2020","status":"publish","type":"post","link":"https:\/\/blogs.fu-berlin.de\/bibliotheken\/2020\/09\/12\/european-research-and-innovation-days-22-24-09-2020\/","title":{"rendered":"European Research and Innovation Days &#8211; 22. &#8211; 24.09.2020"},"content":{"rendered":"\n<p><em><span class=\"has-inline-color has-bright-red-color\">Der Betrieb des &#8222;Dokumentationszentrums UN &#8211; EU&#8220; wird eingestellt. Die entsprechende Literatur bleibt im Bestand und ist weiterhin zug\u00e4nglich.<\/span><\/em><\/p>\n\n\n\n<p>Die Europ\u00e4ische Kommission veranstaltet vom 22. bis 24.09.2020 die \u201e<strong><a href=\"https:\/\/research-innovation-days.ec.europa.eu\/about\">European Research and Innovation Days<\/a>\u201c<\/strong>(#RiDaysEU). Das Event ist komplett online und f\u00fcr Studierende, Forscher*innen, Start-Ups sowie interessierte B\u00fcrger*innen konzipiert.<\/p>\n\n\n\n<p>Zu den #RiDaysEU geh\u00f6ren eine&nbsp;<a href=\"https:\/\/research-innovation-days.ec.europa.eu\/policy-conference\">Konferenz<\/a>&nbsp;und die \u201e<a href=\"https:\/\/ec.europa.eu\/research\/mariecurieactions\/events\/science-wonderful-2020_en\">Science is Wonderful!<\/a>\u201c-Ausstellung.&nbsp;<\/p>\n\n\n\n<p>Die Konferenz bietet Plenarsitzungen zu verschiedenen Themen und ist in zehn Unterthemen aufgeteilt. Jedes dieser Unterthemen befasst sich mit einem zentralen Forschung- und Innovationsthema der EU, etwa mit dem European Green Deal, der Europ\u00e4ische Digitalisierung Strategie oder den internationalen Kooperationen.&nbsp;<\/p>\n\n\n\n<p>Die \u201cScience is Wonderful!\u201d-Ausstellung (#ScienceIsWonderful) ist eine Plattform f\u00fcr spannende Online-Aktivit\u00e4ten rund um Forschung und Wissenschaft. Sie ist auch f\u00fcr Schulen interessant, da sie interaktive Spiele, Experimente und interessante Videos beinhaltet. Au\u00dferdem bietet sie die M\u00f6glichkeit, Forscher*innen virtuell zu treffen und ihnen Fragen zu stellen.<\/p>\n\n\n\n<p>Hier finden Sie das&nbsp;<a href=\"\/Users\/elena\/AppData\/Local\/Temp\/ec_rtd_research-innovation-days-programme-v4.pdf\">vorl\u00e4ufigen Programm<\/a>.<\/p>\n\n\n\n<p>Das Event findet komplett online statt und ist kostenlos \u2013 hier kann  man sich <a href=\"https:\/\/research-innovation-days.ec.europa.eu\/register\">registrieren<\/a>. Weitere Informationen finden sich&nbsp;<a href=\"https:\/\/research-innovation-days.ec.europa.eu\/\">hier<\/a>.<\/p>\n\n\n\n<p>Noch mehr Informationen zur EU bekommen Sie in unserem <a href=\"https:\/\/www.ub.fu-berlin.de\/bibliothek\/uneu\/\">Dokumentationszentrum UN-EU<\/a>.<\/p>\n","protected":false},"excerpt":{"rendered":"<p>Der Betrieb des &#8222;Dokumentationszentrums UN &#8211; EU&#8220; wird eingestellt. Die entsprechende Literatur bleibt im Bestand und ist weiterhin zug\u00e4nglich. Die Europ\u00e4ische Kommission veranstaltet vom 22. bis 24.09.2020 die \u201eEuropean Research and Innovation Days\u201c(#RiDaysEU). Das Event ist komplett online und f\u00fcr Studierende, Forscher*innen, Start-Ups sowie interessierte B\u00fcrger*innen konzipiert. Zu den #RiDaysEU geh\u00f6ren eine&nbsp;Konferenz&nbsp;und die \u201eScience is &hellip; <a href=\"https:\/\/blogs.fu-berlin.de\/bibliotheken\/2020\/09\/12\/european-research-and-innovation-days-22-24-09-2020\/\" class=\"more-link\"><span class=\"screen-reader-text\">\u201eEuropean Research and Innovation Days &#8211; 22. &#8211; 24.09.2020\u201c<\/span> weiterlesen<\/a><\/p>\n","protected":false},"author":2907,"featured_media":27586,"comment_status":"open","ping_status":"open","sticky":false,"template":"","format":"standard","meta":{"footnotes":""},"categories":[9,70],"tags":[2458,56945,318273,318274],"class_list":["post-27585","post","type-post","status-publish","format-standard","has-post-thumbnail","hentry","category-allgemein","category-veranstaltungen","tag-dokumentationszentrum-un-eu","tag-europaeische-kommission","tag-european-research-and-innovation-days","tag-science-is-wonderful"],"_links":{"self":[{"href":"https:\/\/blogs.fu-berlin.de\/bibliotheken\/wp-json\/wp\/v2\/posts\/27585","targetHints":{"allow":["GET"]}}],"collection":[{"href":"https:\/\/blogs.fu-berlin.de\/bibliotheken\/wp-json\/wp\/v2\/posts"}],"about":[{"href":"https:\/\/blogs.fu-berlin.de\/bibliotheken\/wp-json\/wp\/v2\/types\/post"}],"author":[{"embeddable":true,"href":"https:\/\/blogs.fu-berlin.de\/bibliotheken\/wp-json\/wp\/v2\/users\/2907"}],"replies":[{"embeddable":true,"href":"https:\/\/blogs.fu-berlin.de\/bibliotheken\/wp-json\/wp\/v2\/comments?post=27585"}],"version-history":[{"count":6,"href":"https:\/\/blogs.fu-berlin.de\/bibliotheken\/wp-json\/wp\/v2\/posts\/27585\/revisions"}],"predecessor-version":[{"id":29060,"href":"https:\/\/blogs.fu-berlin.de\/bibliotheken\/wp-json\/wp\/v2\/posts\/27585\/revisions\/29060"}],"wp:featuredmedia":[{"embeddable":true,"href":"https:\/\/blogs.fu-berlin.de\/bibliotheken\/wp-json\/wp\/v2\/media\/27586"}],"wp:attachment":[{"href":"https:\/\/blogs.fu-berlin.de\/bibliotheken\/wp-json\/wp\/v2\/media?parent=27585"}],"wp:term":[{"taxonomy":"category","embeddable":true,"href":"https:\/\/blogs.fu-berlin.de\/bibliotheken\/wp-json\/wp\/v2\/categories?post=27585"},{"taxonomy":"post_tag","embeddable":true,"href":"https:\/\/blogs.fu-berlin.de\/bibliotheken\/wp-json\/wp\/v2\/tags?post=27585"}],"curies":[{"name":"wp","href":"https:\/\/api.w.org\/{rel}","templated":true}]}}