{"id":27607,"date":"2020-09-18T11:54:22","date_gmt":"2020-09-18T10:54:22","guid":{"rendered":"https:\/\/blogs.fu-berlin.de\/bibliotheken\/?p=27607"},"modified":"2020-09-18T15:57:19","modified_gmt":"2020-09-18T14:57:19","slug":"neue-webex-funktion-breakout-sessions-mit-video","status":"publish","type":"post","link":"https:\/\/blogs.fu-berlin.de\/bibliotheken\/2020\/09\/18\/neue-webex-funktion-breakout-sessions-mit-video\/","title":{"rendered":"Neue Webex-Funktion &#8211; &#8222;Breakout-Sessions&#8220; mit Video"},"content":{"rendered":"\n<p>Seit dieser Woche ist es m\u00f6glich, Teilgruppensitzungen per Video in Webex Meetings zu organisieren. Auch wenn im kommenden Wintersemester Pr\u00e4senzveranstaltungen wieder stattfinden sollen, wird uns das Format <em>Webinar <\/em>in Pademie-Zeiten auch weiterhin im Uni-Alltag verst\u00e4rkt begleiten.<\/p>\n\n\n\n<p>Umso wichtiger die neue Funktion, die sich f\u00fcr Seminare, \u00dcbungen und andere interaktive Formate anbietet. Diese kann \u00fcber den neuen Men\u00fcpunkt &#8222;Teilgruppen&#8220; in der oberen Men\u00fcleiste aktiviert werden:<\/p>\n\n\n\n<div class=\"wp-block-image\"><figure class=\"aligncenter size-large\"><img loading=\"lazy\" decoding=\"async\" width=\"364\" height=\"126\" src=\"https:\/\/blogs.fu-berlin.de\/bibliotheken\/files\/2020\/09\/2020-09-18_124410.jpg\" alt=\"\" class=\"wp-image-27610\" srcset=\"https:\/\/blogs.fu-berlin.de\/bibliotheken\/files\/2020\/09\/2020-09-18_124410.jpg 364w, https:\/\/blogs.fu-berlin.de\/bibliotheken\/files\/2020\/09\/2020-09-18_124410-300x104.jpg 300w\" sizes=\"auto, (max-width: 364px) 85vw, 364px\" \/><\/figure><\/div>\n\n\n\n<p>Daraufhin erscheint in der unteren Men\u00fcleiste ein Teilgruppen-Button, mit dem Sie &#8222;Breakouts&#8220; einrichten und Teilnehmende automatisch oder manuell zuweisen k\u00f6nnen:<\/p>\n\n\n\n<div class=\"wp-block-image\"><figure class=\"aligncenter size-large\"><img loading=\"lazy\" decoding=\"async\" width=\"473\" height=\"190\" src=\"https:\/\/blogs.fu-berlin.de\/bibliotheken\/files\/2020\/09\/2020-09-18_124440.jpg\" alt=\"\" class=\"wp-image-27612\" srcset=\"https:\/\/blogs.fu-berlin.de\/bibliotheken\/files\/2020\/09\/2020-09-18_124440.jpg 473w, https:\/\/blogs.fu-berlin.de\/bibliotheken\/files\/2020\/09\/2020-09-18_124440-300x121.jpg 300w\" sizes=\"auto, (max-width: 473px) 85vw, 473px\" \/><\/figure><\/div>\n\n\n\n<p>Weitere Infos in englischer Sprache bietet das <a href=\"https:\/\/help.webex.com\/de-de\/nroo6fs\/Webex-Meetings-Breakout-Sessions\">Cisco Webex Help Center<\/a> an. Die <a href=\"https:\/\/wikis.fu-berlin.de\/x\/J4ORQ.\">Webex-Dokumentation<\/a> im FU-Wiki soll in K\u00fcrze um Informationen \u00fcber die neue Funktion erg\u00e4nzt werden.<\/p>\n","protected":false},"excerpt":{"rendered":"<p>Seit dieser Woche ist es m\u00f6glich, Teilgruppensitzungen per Video in Webex Meetings zu organisieren. Auch wenn im kommenden Wintersemester Pr\u00e4senzveranstaltungen wieder stattfinden sollen, wird uns das Format Webinar in Pademie-Zeiten auch weiterhin im Uni-Alltag verst\u00e4rkt begleiten. Umso wichtiger die neue Funktion, die sich f\u00fcr Seminare, \u00dcbungen und andere interaktive Formate anbietet. Diese kann \u00fcber den &hellip; <a href=\"https:\/\/blogs.fu-berlin.de\/bibliotheken\/2020\/09\/18\/neue-webex-funktion-breakout-sessions-mit-video\/\" class=\"more-link\"><span class=\"screen-reader-text\">\u201eNeue Webex-Funktion &#8211; &#8222;Breakout-Sessions&#8220; mit Video\u201c<\/span> weiterlesen<\/a><\/p>\n","protected":false},"author":293,"featured_media":27613,"comment_status":"open","ping_status":"open","sticky":false,"template":"","format":"standard","meta":{"footnotes":""},"categories":[9,491],"tags":[318280,318277,318279,233,317875,318281],"class_list":["post-27607","post","type-post","status-publish","format-standard","has-post-thumbnail","hentry","category-allgemein","category-lernangebote-kurse","tag-breakout-session","tag-cisco","tag-teilgruppensitzung","tag-video","tag-webex","tag-webinar-software"],"_links":{"self":[{"href":"https:\/\/blogs.fu-berlin.de\/bibliotheken\/wp-json\/wp\/v2\/posts\/27607","targetHints":{"allow":["GET"]}}],"collection":[{"href":"https:\/\/blogs.fu-berlin.de\/bibliotheken\/wp-json\/wp\/v2\/posts"}],"about":[{"href":"https:\/\/blogs.fu-berlin.de\/bibliotheken\/wp-json\/wp\/v2\/types\/post"}],"author":[{"embeddable":true,"href":"https:\/\/blogs.fu-berlin.de\/bibliotheken\/wp-json\/wp\/v2\/users\/293"}],"replies":[{"embeddable":true,"href":"https:\/\/blogs.fu-berlin.de\/bibliotheken\/wp-json\/wp\/v2\/comments?post=27607"}],"version-history":[{"count":4,"href":"https:\/\/blogs.fu-berlin.de\/bibliotheken\/wp-json\/wp\/v2\/posts\/27607\/revisions"}],"predecessor-version":[{"id":27615,"href":"https:\/\/blogs.fu-berlin.de\/bibliotheken\/wp-json\/wp\/v2\/posts\/27607\/revisions\/27615"}],"wp:featuredmedia":[{"embeddable":true,"href":"https:\/\/blogs.fu-berlin.de\/bibliotheken\/wp-json\/wp\/v2\/media\/27613"}],"wp:attachment":[{"href":"https:\/\/blogs.fu-berlin.de\/bibliotheken\/wp-json\/wp\/v2\/media?parent=27607"}],"wp:term":[{"taxonomy":"category","embeddable":true,"href":"https:\/\/blogs.fu-berlin.de\/bibliotheken\/wp-json\/wp\/v2\/categories?post=27607"},{"taxonomy":"post_tag","embeddable":true,"href":"https:\/\/blogs.fu-berlin.de\/bibliotheken\/wp-json\/wp\/v2\/tags?post=27607"}],"curies":[{"name":"wp","href":"https:\/\/api.w.org\/{rel}","templated":true}]}}