{"id":27624,"date":"2020-09-23T12:00:00","date_gmt":"2020-09-23T11:00:00","guid":{"rendered":"https:\/\/blogs.fu-berlin.de\/bibliotheken\/?p=27624"},"modified":"2021-09-10T08:03:47","modified_gmt":"2021-09-10T07:03:47","slug":"nachtrag-zur-rede-zur-lage-der-europaeischen-union-2020","status":"publish","type":"post","link":"https:\/\/blogs.fu-berlin.de\/bibliotheken\/2020\/09\/23\/nachtrag-zur-rede-zur-lage-der-europaeischen-union-2020\/","title":{"rendered":"Nachtrag zur &#8222;Rede zur Lage der Europ\u00e4ischen Union 2020&#8220;"},"content":{"rendered":"\n<p><em><span class=\"has-inline-color has-bright-red-color\">Der Betrieb des &#8222;Dokumentationszentrums UN &#8211; EU&#8220; wird eingestellt. Die entsprechende Literatur bleibt im Bestand und ist weiterhin zug\u00e4nglich.<\/span><\/em><\/p>\n\n\n\n<p>Am 16. September hielt die Pr\u00e4sidentin der Europ\u00e4ischen Kommission Ursula von der Leyen ihre Rede zur Lage der Union 2020. Hier&nbsp;finden Sie die <a href=\"https:\/\/ec.europa.eu\/info\/sites\/info\/files\/soteu_2020_de.pdf\">deutsche Fassung ihrer Rede.<\/a><\/p>\n\n\n\n<p>Weitere Informationen finden Sie auf der&nbsp;<a href=\"https:\/\/ec.europa.eu\/info\/strategy\/strategic-planning\/state-union-addresses\/state-union-2020_de\">thematischen Website<\/a>, die die wichtigsten Initiativen der Rede zur Lage der Union 2020 zusammenfasst (leider zurzeit nur auf EN verf\u00fcgbar).<\/p>\n\n\n\n<p>Noch mehr Informationen zur EU bekommen Sie in unserem <a href=\"https:\/\/www.ub.fu-berlin.de\/bibliothek\/uneu\/\">Dokumentationszentrum UN-EU<\/a>.<\/p>\n","protected":false},"excerpt":{"rendered":"<p>Der Betrieb des &#8222;Dokumentationszentrums UN &#8211; EU&#8220; wird eingestellt. Die entsprechende Literatur bleibt im Bestand und ist weiterhin zug\u00e4nglich. Am 16. September hielt die Pr\u00e4sidentin der Europ\u00e4ischen Kommission Ursula von der Leyen ihre Rede zur Lage der Union 2020. Hier&nbsp;finden Sie die deutsche Fassung ihrer Rede. Weitere Informationen finden Sie auf der&nbsp;thematischen Website, die die &hellip; <a href=\"https:\/\/blogs.fu-berlin.de\/bibliotheken\/2020\/09\/23\/nachtrag-zur-rede-zur-lage-der-europaeischen-union-2020\/\" class=\"more-link\"><span class=\"screen-reader-text\">\u201eNachtrag zur &#8222;Rede zur Lage der Europ\u00e4ischen Union 2020&#8220;\u201c<\/span> weiterlesen<\/a><\/p>\n","protected":false},"author":2907,"featured_media":27629,"comment_status":"open","ping_status":"open","sticky":false,"template":"","format":"standard","meta":{"footnotes":""},"categories":[9],"tags":[2458,56945,1977,318287],"class_list":["post-27624","post","type-post","status-publish","format-standard","has-post-thumbnail","hentry","category-allgemein","tag-dokumentationszentrum-un-eu","tag-europaeische-kommission","tag-europaische-union","tag-rede-zur-lage-der-europaeischen-union-2020"],"_links":{"self":[{"href":"https:\/\/blogs.fu-berlin.de\/bibliotheken\/wp-json\/wp\/v2\/posts\/27624","targetHints":{"allow":["GET"]}}],"collection":[{"href":"https:\/\/blogs.fu-berlin.de\/bibliotheken\/wp-json\/wp\/v2\/posts"}],"about":[{"href":"https:\/\/blogs.fu-berlin.de\/bibliotheken\/wp-json\/wp\/v2\/types\/post"}],"author":[{"embeddable":true,"href":"https:\/\/blogs.fu-berlin.de\/bibliotheken\/wp-json\/wp\/v2\/users\/2907"}],"replies":[{"embeddable":true,"href":"https:\/\/blogs.fu-berlin.de\/bibliotheken\/wp-json\/wp\/v2\/comments?post=27624"}],"version-history":[{"count":5,"href":"https:\/\/blogs.fu-berlin.de\/bibliotheken\/wp-json\/wp\/v2\/posts\/27624\/revisions"}],"predecessor-version":[{"id":29052,"href":"https:\/\/blogs.fu-berlin.de\/bibliotheken\/wp-json\/wp\/v2\/posts\/27624\/revisions\/29052"}],"wp:featuredmedia":[{"embeddable":true,"href":"https:\/\/blogs.fu-berlin.de\/bibliotheken\/wp-json\/wp\/v2\/media\/27629"}],"wp:attachment":[{"href":"https:\/\/blogs.fu-berlin.de\/bibliotheken\/wp-json\/wp\/v2\/media?parent=27624"}],"wp:term":[{"taxonomy":"category","embeddable":true,"href":"https:\/\/blogs.fu-berlin.de\/bibliotheken\/wp-json\/wp\/v2\/categories?post=27624"},{"taxonomy":"post_tag","embeddable":true,"href":"https:\/\/blogs.fu-berlin.de\/bibliotheken\/wp-json\/wp\/v2\/tags?post=27624"}],"curies":[{"name":"wp","href":"https:\/\/api.w.org\/{rel}","templated":true}]}}