{"id":27631,"date":"2020-09-21T12:00:06","date_gmt":"2020-09-21T11:00:06","guid":{"rendered":"https:\/\/blogs.fu-berlin.de\/bibliotheken\/?p=27631"},"modified":"2021-09-10T08:05:07","modified_gmt":"2021-09-10T07:05:07","slug":"online-briefing-ausblick-auf-die-konferenz-zur-zukunft-europas","status":"publish","type":"post","link":"https:\/\/blogs.fu-berlin.de\/bibliotheken\/2020\/09\/21\/online-briefing-ausblick-auf-die-konferenz-zur-zukunft-europas\/","title":{"rendered":"Online Briefing: Ausblick auf die Konferenz zur Zukunft Europas"},"content":{"rendered":"\n<p><em><span class=\"has-inline-color has-bright-red-color\">Der Betrieb des &#8222;Dokumentationszentrums UN &#8211; EU&#8220; wird eingestellt. Die entsprechende Literatur bleibt im Bestand und ist weiterhin zug\u00e4nglich.<\/span><\/em><\/p>\n\n\n\n<p>Seit Juni haben Europ\u00e4ische Kommission, Europ\u00e4isches Parlament und Rat der EU ihre Positionierungen zur&nbsp;<strong>Konferenz zur Zukunft Europas&nbsp;<\/strong>&#8211; Conference on the Future of Europe (CoFoE) &#8211; abgestimmt. Alle Institutionen betonen die Wichtigkeit der Konferenz f\u00fcr Partizipation und Weiterentwicklung der Europ\u00e4ischen Union.<\/p>\n\n\n\n<p>Welche Erwartungen werden mit der Konferenz zur Zukunft Europas verbunden, und wieso sollten sich gesellschaftliche Kr\u00e4fte oder B\u00fcrgerinnen und B\u00fcrger engagieren? Wie werden Themenauswahl und Follow-Up organisiert? Und welche Rolle kommt gesellschaftlichen Multiplikatoren bei der Bekanntmachung der Konferenz zur Zukunft Europas zu?<\/p>\n\n\n\n<p>Am <strong>24. September 2020<\/strong> <strong>um 10 Uhr<\/strong> werden \u00fcber Fragen auf dem Weg zu einer interinstitutionellen Einigung und der weiteren Umsetzung der Konferenz zur Zukunft Europas, Vertreter*innen aller beteiligten EU-Institutionen (im Rahmen einer Videokonferenz) diskutieren.<\/p>\n\n\n\n<p><strong>Gastgeber: <\/strong>Vertretung der Europ\u00e4ischen Kommission in Deutschland, Verbindungsb\u00fcro des Europ\u00e4ischen Parlaments in Deutschland, Bundesnetzwerk B\u00fcrgerschaftliches Engagement, Europ\u00e4ische Bewegung Deutschland e.V.<\/p>\n\n\n\n<p><strong>Programm<\/strong><\/p>\n\n\n\n<p><strong>Gru\u00dfwort und Einf\u00fchrung ins Thema:<\/strong> Dr. Linn<strong>&nbsp;<\/strong>Selle, Pr\u00e4sidentin, Europ\u00e4ische Bewegung Deutschland e.V.&nbsp;<\/p>\n\n\n\n<p><strong>Prodiumsdiskussion mit:<\/strong>&nbsp;<\/p>\n\n\n\n<ul class=\"wp-block-list\"><li>Axel&nbsp;Dittmann, Beauftragter f\u00fcr Grundsatzfragen, Brexit, EU-Koordinierung, EU-Personalpolitik, Europ\u00e4isches Parlament im Ausw\u00e4rtigen Amt&nbsp;<\/li><li>Richard&nbsp;K\u00fchnel, Direktor Vertretungen und Kommunikation in den Mitgliedstaaten, Generaldirektion Kommunikation, Europ\u00e4ische Kommission<\/li><li>Christian&nbsp;Mangold, Direktor Kampagnen, Generaldirektion Kommunikation, Europ\u00e4isches Parlament&nbsp;<\/li><\/ul>\n\n\n\n<p><strong>Schlusswort:&nbsp;<\/strong> Dr. Frank&nbsp;Heuberger, Beauftragter f\u00fcr Europ\u00e4ische Angelegenheiten, Bundesnetzwerk B\u00fcrgerschaftliches Engagement<\/p>\n\n\n\n<p><strong>Moderation:<\/strong><\/p>\n\n\n\n<ul class=\"wp-block-list\"><li>Karoline&nbsp;M\u00fcnz, stellvertretende Generalsekret\u00e4rin, Europ\u00e4ische Bewegung Deutschland e.V.<\/li><li>Mirko&nbsp;Schw\u00e4rzel, Leiter Europ\u00e4ische Netzwerkstelle, Bundesnetzwerk B\u00fcrgerschaftliches Engagement&nbsp;<\/li><\/ul>\n\n\n\n<p>Die Videokonferenz wird \u00fcber das Tool&nbsp;<a rel=\"noreferrer noopener\" href=\"https:\/\/urldefense.com\/v3\/__https:\/netzwerk-ebd.us8.list-manage.com\/track\/click?u=af5795b74634b16dfcfbc8d47&amp;id=d476c7d1b6&amp;e=c4eecc5eb2__;!!DOxrgLBm!VFCBDyhrWrf3haNogdLpv3GATluz2VxUfdn3T4ywtLgtIW2_gxtS37Y6FOuBa0VAt3gtxw$\" target=\"_blank\">GoToMeeting<\/a>&nbsp;stattfinden. Den&nbsp;<strong>Link zur Videokonferenz&nbsp;<\/strong>erhalten Sie am Abend des 23. September 2020.&nbsp;<\/p>\n\n\n\n<p><strong>Hier k\u00f6nnen Sie sich bis zum 22. September 2020, 18:00 Uhr  <a href=\"https:\/\/netzwerk-ebd.us8.list-manage.com\/subscribe?u=af5795b74634b16dfcfbc8d47&amp;id=68f626e0c8\">anmelden<\/a>.<\/strong><\/p>\n\n\n\n<p>Teilnahmebedingungen:Es gilt die&nbsp;<a rel=\"noreferrer noopener\" href=\"https:\/\/urldefense.com\/v3\/__https:\/netzwerk-ebd.us8.list-manage.com\/track\/click?u=af5795b74634b16dfcfbc8d47&amp;id=71cf89781b&amp;e=c4eecc5eb2__;!!DOxrgLBm!VFCBDyhrWrf3haNogdLpv3GATluz2VxUfdn3T4ywtLgtIW2_gxtS37Y6FOuBa0WZAbre5g$\" target=\"_blank\"><strong>Chatham House Rule<\/strong><\/a>&nbsp;\u2013 Informationen nicht f\u00fcr Pressever\u00f6ffentlichung! Ihre Zustimmung zur Chatham House Rule ist Vorbedingung f\u00fcr Ihre Anmeldung.&nbsp;<strong>Ton- und Videoaufnahmen&nbsp;<\/strong>der Veranstaltung sind&nbsp;<strong>nicht gestattet<\/strong>.&nbsp;Vor der Veranstaltung versenden wir eine&nbsp;<strong>Teilnahmeliste<\/strong>&nbsp;aller registrierten Personen. Mit Ihrer Anmeldung erkl\u00e4ren Sie sich mit der Ver\u00f6ffentlichung der Teilnahmeliste an die anderen Teilnehmerinnen und Teilnehmer einverstanden.&nbsp;Bitte beachten Sie, dass w\u00e4hrend der Veranstaltung&nbsp;<strong>Fotos&nbsp;<\/strong>gemacht werden. Mit Ihrer Anmeldung erkl\u00e4ren Sie sich mit einer Ver\u00f6ffentlichung einverstanden.<\/p>\n\n\n\n<p>Noch mehr Informationen zur EU bekommen Sie in unserem <a href=\"https:\/\/www.ub.fu-berlin.de\/bibliothek\/uneu\/\">Dokumentationszentrum UN-EU<\/a>.<\/p>\n","protected":false},"excerpt":{"rendered":"<p>Der Betrieb des &#8222;Dokumentationszentrums UN &#8211; EU&#8220; wird eingestellt. Die entsprechende Literatur bleibt im Bestand und ist weiterhin zug\u00e4nglich. Seit Juni haben Europ\u00e4ische Kommission, Europ\u00e4isches Parlament und Rat der EU ihre Positionierungen zur&nbsp;Konferenz zur Zukunft Europas&nbsp;&#8211; Conference on the Future of Europe (CoFoE) &#8211; abgestimmt. Alle Institutionen betonen die Wichtigkeit der Konferenz f\u00fcr Partizipation und &hellip; <a href=\"https:\/\/blogs.fu-berlin.de\/bibliotheken\/2020\/09\/21\/online-briefing-ausblick-auf-die-konferenz-zur-zukunft-europas\/\" class=\"more-link\"><span class=\"screen-reader-text\">\u201eOnline Briefing: Ausblick auf die Konferenz zur Zukunft Europas\u201c<\/span> weiterlesen<\/a><\/p>\n","protected":false},"author":2907,"featured_media":27639,"comment_status":"open","ping_status":"open","sticky":false,"template":"","format":"standard","meta":{"footnotes":""},"categories":[9],"tags":[],"class_list":["post-27631","post","type-post","status-publish","format-standard","has-post-thumbnail","hentry","category-allgemein"],"_links":{"self":[{"href":"https:\/\/blogs.fu-berlin.de\/bibliotheken\/wp-json\/wp\/v2\/posts\/27631","targetHints":{"allow":["GET"]}}],"collection":[{"href":"https:\/\/blogs.fu-berlin.de\/bibliotheken\/wp-json\/wp\/v2\/posts"}],"about":[{"href":"https:\/\/blogs.fu-berlin.de\/bibliotheken\/wp-json\/wp\/v2\/types\/post"}],"author":[{"embeddable":true,"href":"https:\/\/blogs.fu-berlin.de\/bibliotheken\/wp-json\/wp\/v2\/users\/2907"}],"replies":[{"embeddable":true,"href":"https:\/\/blogs.fu-berlin.de\/bibliotheken\/wp-json\/wp\/v2\/comments?post=27631"}],"version-history":[{"count":9,"href":"https:\/\/blogs.fu-berlin.de\/bibliotheken\/wp-json\/wp\/v2\/posts\/27631\/revisions"}],"predecessor-version":[{"id":29054,"href":"https:\/\/blogs.fu-berlin.de\/bibliotheken\/wp-json\/wp\/v2\/posts\/27631\/revisions\/29054"}],"wp:featuredmedia":[{"embeddable":true,"href":"https:\/\/blogs.fu-berlin.de\/bibliotheken\/wp-json\/wp\/v2\/media\/27639"}],"wp:attachment":[{"href":"https:\/\/blogs.fu-berlin.de\/bibliotheken\/wp-json\/wp\/v2\/media?parent=27631"}],"wp:term":[{"taxonomy":"category","embeddable":true,"href":"https:\/\/blogs.fu-berlin.de\/bibliotheken\/wp-json\/wp\/v2\/categories?post=27631"},{"taxonomy":"post_tag","embeddable":true,"href":"https:\/\/blogs.fu-berlin.de\/bibliotheken\/wp-json\/wp\/v2\/tags?post=27631"}],"curies":[{"name":"wp","href":"https:\/\/api.w.org\/{rel}","templated":true}]}}