{"id":27643,"date":"2020-09-24T12:18:29","date_gmt":"2020-09-24T11:18:29","guid":{"rendered":"https:\/\/blogs.fu-berlin.de\/bibliotheken\/?p=27643"},"modified":"2020-10-05T12:06:15","modified_gmt":"2020-10-05T11:06:15","slug":"verhuellungskunst-in-der-philologischen-bibliothek","status":"publish","type":"post","link":"https:\/\/blogs.fu-berlin.de\/bibliotheken\/2020\/09\/24\/verhuellungskunst-in-der-philologischen-bibliothek\/","title":{"rendered":"Verh\u00fcllungskunst in der Philologischen Bibliothek"},"content":{"rendered":"\n<p>Gegenw\u00e4rtig wird die <a href=\"https:\/\/www.fu-berlin.de\/sites\/philbib\/index.html\">Philologische Bibliothek<\/a> saniert und ist f\u00fcr den Publikumsverkehr geschlossen (vgl. <a href=\"https:\/\/blogs.fu-berlin.de\/bibliotheken\/2020\/09\/08\/philologische-bibliothek-bis-ende-2020-geschlossen-ausleihe-weiterhin-moeglich\/\">Meldung vom 08.09.2020<\/a>). F\u00fcr die Kolleginnen und Kollegen die im Geb\u00e4ude ihren Dienst verrichten und flei\u00dfig bestellte Medien heraussuchen, bieten sich daher ganz neue Einblicke. Dank der Schutzma\u00dfnahmen f\u00fcr Regale, B\u00fccher und Einrichtung f\u00fchlt man sich recht schnell an die Werke der Verh\u00fcllungsk\u00fcnstler Christo und Jeanne-Claude erinnert \ud83d\ude09 &#8230;<\/p>\n\n\n\n<figure class=\"wp-block-image size-large\"><img loading=\"lazy\" decoding=\"async\" width=\"2560\" height=\"1920\" src=\"https:\/\/blogs.fu-berlin.de\/bibliotheken\/files\/2020\/09\/Philobib3-scaled.jpg\" alt=\"\" class=\"wp-image-27646\" srcset=\"https:\/\/blogs.fu-berlin.de\/bibliotheken\/files\/2020\/09\/Philobib3-scaled.jpg 2560w, https:\/\/blogs.fu-berlin.de\/bibliotheken\/files\/2020\/09\/Philobib3-300x225.jpg 300w, https:\/\/blogs.fu-berlin.de\/bibliotheken\/files\/2020\/09\/Philobib3-1536x1152.jpg 1536w, https:\/\/blogs.fu-berlin.de\/bibliotheken\/files\/2020\/09\/Philobib3-2048x1536.jpg 2048w, https:\/\/blogs.fu-berlin.de\/bibliotheken\/files\/2020\/09\/Philobib3-1200x900.jpg 1200w\" sizes=\"auto, (max-width: 709px) 85vw, (max-width: 909px) 67vw, (max-width: 1362px) 62vw, 840px\" \/><\/figure>\n\n\n\n<figure class=\"wp-block-image size-large\"><img loading=\"lazy\" decoding=\"async\" width=\"2560\" height=\"1920\" src=\"https:\/\/blogs.fu-berlin.de\/bibliotheken\/files\/2020\/09\/Philobib2-scaled.jpg\" alt=\"\" class=\"wp-image-27647\" srcset=\"https:\/\/blogs.fu-berlin.de\/bibliotheken\/files\/2020\/09\/Philobib2-scaled.jpg 2560w, https:\/\/blogs.fu-berlin.de\/bibliotheken\/files\/2020\/09\/Philobib2-300x225.jpg 300w, https:\/\/blogs.fu-berlin.de\/bibliotheken\/files\/2020\/09\/Philobib2-1536x1152.jpg 1536w, https:\/\/blogs.fu-berlin.de\/bibliotheken\/files\/2020\/09\/Philobib2-2048x1536.jpg 2048w, https:\/\/blogs.fu-berlin.de\/bibliotheken\/files\/2020\/09\/Philobib2-1200x900.jpg 1200w\" sizes=\"auto, (max-width: 709px) 85vw, (max-width: 909px) 67vw, (max-width: 1362px) 62vw, 840px\" \/><\/figure>\n\n\n\n<p><br>Die Philologische Bibliothek soll noch bis Ende 2020 geschlossen bleiben. Die Ausleihe von Medien erfolgt \u00fcber die <a href=\"https:\/\/www.fu-berlin.de\/sites\/campusbib\">Campusbibliothek<\/a> (s. <a href=\"https:\/\/www.fu-berlin.de\/sites\/philbib\/04Nutzungshinweise\/Ausleihebedingungen-bis-zum-01_11_2020\/index.html\">Ausleihbedingungen<\/a>). Auch alle digitalen Dienstleistungen der Philologischen Bibliothek werden aufrechterhalten.<\/p>\n\n\n\n<p><strong>Danke f\u00fcr die Bilder an das Social-Media-Team aus der Philologischen Bibliothek!<\/strong><\/p>\n","protected":false},"excerpt":{"rendered":"<p>Gegenw\u00e4rtig wird die Philologische Bibliothek saniert und ist f\u00fcr den Publikumsverkehr geschlossen (vgl. Meldung vom 08.09.2020). F\u00fcr die Kolleginnen und Kollegen die im Geb\u00e4ude ihren Dienst verrichten und flei\u00dfig bestellte Medien heraussuchen, bieten sich daher ganz neue Einblicke. Dank der Schutzma\u00dfnahmen f\u00fcr Regale, B\u00fccher und Einrichtung f\u00fchlt man sich recht schnell an die Werke der &hellip; <a href=\"https:\/\/blogs.fu-berlin.de\/bibliotheken\/2020\/09\/24\/verhuellungskunst-in-der-philologischen-bibliothek\/\" class=\"more-link\"><span class=\"screen-reader-text\">\u201eVerh\u00fcllungskunst in der Philologischen Bibliothek\u201c<\/span> weiterlesen<\/a><\/p>\n","protected":false},"author":293,"featured_media":27645,"comment_status":"open","ping_status":"open","sticky":false,"template":"","format":"standard","meta":{"footnotes":""},"categories":[9,600],"tags":[515,2227,318289],"class_list":["post-27643","post","type-post","status-publish","format-standard","has-post-thumbnail","hentry","category-allgemein","category-fachbibliotheken","tag-philologische-bibliothek","tag-sanierung","tag-verhuellungskunst"],"_links":{"self":[{"href":"https:\/\/blogs.fu-berlin.de\/bibliotheken\/wp-json\/wp\/v2\/posts\/27643","targetHints":{"allow":["GET"]}}],"collection":[{"href":"https:\/\/blogs.fu-berlin.de\/bibliotheken\/wp-json\/wp\/v2\/posts"}],"about":[{"href":"https:\/\/blogs.fu-berlin.de\/bibliotheken\/wp-json\/wp\/v2\/types\/post"}],"author":[{"embeddable":true,"href":"https:\/\/blogs.fu-berlin.de\/bibliotheken\/wp-json\/wp\/v2\/users\/293"}],"replies":[{"embeddable":true,"href":"https:\/\/blogs.fu-berlin.de\/bibliotheken\/wp-json\/wp\/v2\/comments?post=27643"}],"version-history":[{"count":4,"href":"https:\/\/blogs.fu-berlin.de\/bibliotheken\/wp-json\/wp\/v2\/posts\/27643\/revisions"}],"predecessor-version":[{"id":27707,"href":"https:\/\/blogs.fu-berlin.de\/bibliotheken\/wp-json\/wp\/v2\/posts\/27643\/revisions\/27707"}],"wp:featuredmedia":[{"embeddable":true,"href":"https:\/\/blogs.fu-berlin.de\/bibliotheken\/wp-json\/wp\/v2\/media\/27645"}],"wp:attachment":[{"href":"https:\/\/blogs.fu-berlin.de\/bibliotheken\/wp-json\/wp\/v2\/media?parent=27643"}],"wp:term":[{"taxonomy":"category","embeddable":true,"href":"https:\/\/blogs.fu-berlin.de\/bibliotheken\/wp-json\/wp\/v2\/categories?post=27643"},{"taxonomy":"post_tag","embeddable":true,"href":"https:\/\/blogs.fu-berlin.de\/bibliotheken\/wp-json\/wp\/v2\/tags?post=27643"}],"curies":[{"name":"wp","href":"https:\/\/api.w.org\/{rel}","templated":true}]}}