{"id":27671,"date":"2020-10-01T12:00:00","date_gmt":"2020-10-01T11:00:00","guid":{"rendered":"https:\/\/blogs.fu-berlin.de\/bibliotheken\/?p=27671"},"modified":"2021-09-16T13:22:26","modified_gmt":"2021-09-16T12:22:26","slug":"the-peace-we-want-workshop-on-climate-change-and-peace","status":"publish","type":"post","link":"https:\/\/blogs.fu-berlin.de\/bibliotheken\/2020\/10\/01\/the-peace-we-want-workshop-on-climate-change-and-peace\/","title":{"rendered":"The Peace We Want &#8211; Workshop on Climate Change and Peace"},"content":{"rendered":"\n<p><em><span class=\"has-inline-color has-bright-red-color\">Der Betrieb des \u201eDokumentationszentrums UN \u2013 EU\u201c wird eingestellt. Die entsprechende Literatur bleibt im Bestand und ist weiterhin zug\u00e4nglich.<\/span><\/em><\/p>\n\n\n\n<p>Anl\u00e4sslich des 75-j\u00e4hrigen Jubil\u00e4um der&nbsp;Vereinten Nationen l\u00e4dt die Deutsche Gesellschaft f\u00fcr die Vereinten Nationen am 13.10.2020, 14:00 Uhr zu einem interaktiven Online-Workshop&nbsp;\u201e Auswirkungen des Klimawandels auf den Frieden und die Zukunft der UN als globaler Friedensorganisation\u201c ein.<\/p>\n\n\n\n<p>Der Workshop setzt sich aus einer Diskussion mit Expertinnen und Experten sowie einem vorgeschalteten offenen und partizipativen Forum zusammen. Hier m\u00f6chten wir auch Ihre Fragen, Erfahrungen, Einsch\u00e4tzungen, Vorschl\u00e4ge und W\u00fcnsche h\u00f6ren und m\u00f6chten Sie bitten, uns diese bereits bei der Anmeldung mitzuteilen. Einige der eingereichten Fragen und Kommentare werden dann w\u00e4hrend des Workshops aufgegriffen und die einreichenden Personen erhalten die Chance, diese vorzutragen. <\/p>\n\n\n\n<p>Die <strong>Leitfragen<\/strong> umfassen:<\/p>\n\n\n\n<ul class=\"wp-block-list\"><li>Vision: Welche Welt m\u00f6chten wir erschaffen?<\/li><li>Realit\u00e4t: In was f\u00fcr einer Welt werden wir in 25 Jahren leben, wenn die derzeitigen globalen Trends unver\u00e4ndert weiterlaufen?<\/li><li>Ver\u00e4nderung: Was muss sich \u00e4ndern, um den Kurs zu \u00e4ndern und die Welt und den Frieden zu erschaffen, den wir uns w\u00fcnschen?<\/li><\/ul>\n\n\n\n<p><strong>Programm<\/strong><\/p>\n\n\n\n<p>14:00&nbsp;Offenes Forum<\/p>\n\n\n\n<ul class=\"wp-block-list\"><li>Begr\u00fc\u00dfung durch <strong>Carolin Maluck,<\/strong> Vorstandsmitglied der DGVN<\/li><li>Einf\u00fchrung in das Thema und inaktiver Austausch mit Beitr\u00e4gen aus dem Publikum und verschiedenen Mitmach-Aktionen<\/li><\/ul>\n\n\n\n<p>ca. 15:00&nbsp;Kaffeepause<\/p>\n\n\n\n<p>ca. 15:05&nbsp;Fokusdiskussion&nbsp;mit Fragen aus dem Publikum mit<\/p>\n\n\n\n<ul class=\"wp-block-list\"><li><strong>Nisreen Elsaim<\/strong>, Mitglied der&nbsp;UN Youth Advisory Group on Climate Change, sudanesische Klimaaktivistin<\/li><li><strong>Prof. Franz Baumann<\/strong>, langj\u00e4hriger Bediensteter der Vereinten Nationen, zuletzt als&nbsp;UN-Sonderbeauftragter f\u00fcr Friedenssicherung und Umwelt, Research Professor NYU<\/li><li><strong>Michael Bloss<\/strong>,&nbsp;<strong>MdEP<\/strong>, B\u00fcndnis 90\/Die Gr\u00fcnen<\/li><li><strong>Sabine Minniger<\/strong>, Referentin f\u00fcr Klimapolitik bei&nbsp;Brot f\u00fcr die Welt mit dem Schwerpunkt Klimawandel und Entwicklungsfragen<\/li><li><strong>Anna von Gall<\/strong>, Referentin f\u00fcr Frieden und Abr\u00fcstung bei Greenpeace<\/li><\/ul>\n\n\n\n<p>ca. 16:10&nbsp;Abschlie\u00dfende Erkl\u00e4rung der Berichterstatterin&nbsp;und&nbsp;Schlusswort<\/p>\n\n\n\n<p>Rapporteurin:&nbsp;<strong>Eva Croon<\/strong>&nbsp;(Jugenddelegierte zur UN-Generalversammlung 2020)<\/p>\n\n\n\n<p>Moderation:&nbsp;<strong>Felix Deist<\/strong>&nbsp;(DGVN),&nbsp;<strong>Oliver Hasenkamp<\/strong>&nbsp;(DGVN)<\/p>\n\n\n\n<p>Bitte melden Sie sich bis zum 6. Oktober 2020 \u00fcber&nbsp;<a href=\"https:\/\/dgvn.de\/aktivitaeten\/20-10-13-peace-and-climate-+change-workshop\/\">hier<\/a>&nbsp;an. Alle registrierten Teilnehmerinnen und Teilnehmer erhalten nach der Anmeldung die Einwahldaten f\u00fcr ZOOM per E-Mail.&nbsp;<\/p>\n\n\n\n<p>Die Veranstaltung wird in deutscher und englischer Sprache abgehalten, wobei w\u00e4hrend der gesamten Dauer der Veranstaltung eine Simultan\u00fcbersetzung zur Verf\u00fcgung steht.<\/p>\n\n\n\n<p>Noch mehr Informationen zur UN bekommen Sie in unserem <a href=\"https:\/\/www.ub.fu-berlin.de\/bibliothek\/uneu\/\">Dokumentationszentrum UN-EU<\/a>.<\/p>\n","protected":false},"excerpt":{"rendered":"<p>Der Betrieb des \u201eDokumentationszentrums UN \u2013 EU\u201c wird eingestellt. Die entsprechende Literatur bleibt im Bestand und ist weiterhin zug\u00e4nglich. Anl\u00e4sslich des 75-j\u00e4hrigen Jubil\u00e4um der&nbsp;Vereinten Nationen l\u00e4dt die Deutsche Gesellschaft f\u00fcr die Vereinten Nationen am 13.10.2020, 14:00 Uhr zu einem interaktiven Online-Workshop&nbsp;\u201e Auswirkungen des Klimawandels auf den Frieden und die Zukunft der UN als globaler Friedensorganisation\u201c &hellip; <a href=\"https:\/\/blogs.fu-berlin.de\/bibliotheken\/2020\/10\/01\/the-peace-we-want-workshop-on-climate-change-and-peace\/\" class=\"more-link\"><span class=\"screen-reader-text\">\u201eThe Peace We Want &#8211; Workshop on Climate Change and Peace\u201c<\/span> weiterlesen<\/a><\/p>\n","protected":false},"author":2907,"featured_media":0,"comment_status":"open","ping_status":"open","sticky":false,"template":"","format":"standard","meta":{"footnotes":""},"categories":[9,70],"tags":[57511,2458,2119,12086],"class_list":["post-27671","post","type-post","status-publish","format-standard","hentry","category-allgemein","category-veranstaltungen","tag-deutsche-gesellschaft-fuer-die-vereinten-nationen-e-v","tag-dokumentationszentrum-un-eu","tag-klimawandel","tag-vereinte-nationen"],"_links":{"self":[{"href":"https:\/\/blogs.fu-berlin.de\/bibliotheken\/wp-json\/wp\/v2\/posts\/27671","targetHints":{"allow":["GET"]}}],"collection":[{"href":"https:\/\/blogs.fu-berlin.de\/bibliotheken\/wp-json\/wp\/v2\/posts"}],"about":[{"href":"https:\/\/blogs.fu-berlin.de\/bibliotheken\/wp-json\/wp\/v2\/types\/post"}],"author":[{"embeddable":true,"href":"https:\/\/blogs.fu-berlin.de\/bibliotheken\/wp-json\/wp\/v2\/users\/2907"}],"replies":[{"embeddable":true,"href":"https:\/\/blogs.fu-berlin.de\/bibliotheken\/wp-json\/wp\/v2\/comments?post=27671"}],"version-history":[{"count":7,"href":"https:\/\/blogs.fu-berlin.de\/bibliotheken\/wp-json\/wp\/v2\/posts\/27671\/revisions"}],"predecessor-version":[{"id":29599,"href":"https:\/\/blogs.fu-berlin.de\/bibliotheken\/wp-json\/wp\/v2\/posts\/27671\/revisions\/29599"}],"wp:attachment":[{"href":"https:\/\/blogs.fu-berlin.de\/bibliotheken\/wp-json\/wp\/v2\/media?parent=27671"}],"wp:term":[{"taxonomy":"category","embeddable":true,"href":"https:\/\/blogs.fu-berlin.de\/bibliotheken\/wp-json\/wp\/v2\/categories?post=27671"},{"taxonomy":"post_tag","embeddable":true,"href":"https:\/\/blogs.fu-berlin.de\/bibliotheken\/wp-json\/wp\/v2\/tags?post=27671"}],"curies":[{"name":"wp","href":"https:\/\/api.w.org\/{rel}","templated":true}]}}