{"id":27721,"date":"2020-10-07T17:33:39","date_gmt":"2020-10-07T16:33:39","guid":{"rendered":"https:\/\/blogs.fu-berlin.de\/bibliotheken\/?p=27721"},"modified":"2020-10-08T08:24:58","modified_gmt":"2020-10-08T07:24:58","slug":"lesesaal-arbeitsplaetze-nun-auch-in-der-bibliothek-fuer-sozialwissenschaften-und-osteuropastudien-reservierbar","status":"publish","type":"post","link":"https:\/\/blogs.fu-berlin.de\/bibliotheken\/2020\/10\/07\/lesesaal-arbeitsplaetze-nun-auch-in-der-bibliothek-fuer-sozialwissenschaften-und-osteuropastudien-reservierbar\/","title":{"rendered":"Lesesaal-Arbeitspl\u00e4tze nun auch in der Bibliothek f\u00fcr Sozialwissenschaften und Osteuropastudien reservierbar"},"content":{"rendered":"\n<p>Seit dem 5. Oktober 2020 bietet die <a href=\"https:\/\/www.polsoz.fu-berlin.de\/bibliothek\/index.html\">Bibliothek f\u00fcr Sozialwissenschaften und Osteuropastudien<\/a> die Online-Buchung von Arbeitspl\u00e4tze in ihrem Lesesaal in der Ihnestr. 21 an. In einer ersten Erprobungsphase stehen 43 Pl\u00e4tze f\u00fcr FU-Angeh\u00f6rige zur Verf\u00fcgung. Die vorherige Reservierung erfolgt mittels g\u00fcltigem ZEDAT-Account \u00fcber ein Raumbuchungssystem (f\u00fcr weitere Details siehe die entsprechende <a href=\"https:\/\/www.polsoz.fu-berlin.de\/bibliothek\/aktuelles\/oeffnung_lesesaal_corona.html\">Bibliothekswebsite<\/a>). Bitte beachten Sie auch die <a href=\"https:\/\/www.polsoz.fu-berlin.de\/bibliothek\/aktuelles\/oeffnung_ausleihe_corona.html\">Informationen zur kontaktarmen Ausleihe<\/a> der Fachbibliothek f\u00fcr FU-Angeh\u00f6rige und externe Nutzerinnen und Nutzer.<br><br>Die Bibliothek ist gegenw\u00e4rtig Montag bis Freitag 10:00 \u2013 16:00 Uhr ge\u00f6ffnet.<\/p>\n\n\n\n<p>Aktuell stellen damit <a href=\"https:\/\/www.fu-berlin.de\/sites\/ub\/ueber-uns\/news\/Arbeitsplatz-Bibliothek.html\">acht  FU-Bibliotheken<\/a> limitierte Kontingente an Arbeitspl\u00e4tzen zu Verf\u00fcgung, zum Teil auch f\u00fcr externe Nutzerinnen und Nutzer. Wir werden das Angebot bis zum Start des Wintersemesters weiter ausbauen!<\/p>\n","protected":false},"excerpt":{"rendered":"<p>Seit dem 5. Oktober 2020 bietet die Bibliothek f\u00fcr Sozialwissenschaften und Osteuropastudien die Online-Buchung von Arbeitspl\u00e4tze in ihrem Lesesaal in der Ihnestr. 21 an. In einer ersten Erprobungsphase stehen 43 Pl\u00e4tze f\u00fcr FU-Angeh\u00f6rige zur Verf\u00fcgung. Die vorherige Reservierung erfolgt mittels g\u00fcltigem ZEDAT-Account \u00fcber ein Raumbuchungssystem (f\u00fcr weitere Details siehe die entsprechende Bibliothekswebsite). Bitte beachten Sie &hellip; <a href=\"https:\/\/blogs.fu-berlin.de\/bibliotheken\/2020\/10\/07\/lesesaal-arbeitsplaetze-nun-auch-in-der-bibliothek-fuer-sozialwissenschaften-und-osteuropastudien-reservierbar\/\" class=\"more-link\"><span class=\"screen-reader-text\">\u201eLesesaal-Arbeitspl\u00e4tze nun auch in der Bibliothek f\u00fcr Sozialwissenschaften und Osteuropastudien reservierbar\u201c<\/span> weiterlesen<\/a><\/p>\n","protected":false},"author":293,"featured_media":27366,"comment_status":"open","ping_status":"open","sticky":false,"template":"","format":"standard","meta":{"footnotes":""},"categories":[9,600],"tags":[18539,318227,728],"class_list":["post-27721","post","type-post","status-publish","format-standard","has-post-thumbnail","hentry","category-allgemein","category-fachbibliotheken","tag-bibliothek-fur-sozialwissenschaften-und-osteuropastudien","tag-einzelarbeitsplaetze","tag-lesesaal"],"_links":{"self":[{"href":"https:\/\/blogs.fu-berlin.de\/bibliotheken\/wp-json\/wp\/v2\/posts\/27721","targetHints":{"allow":["GET"]}}],"collection":[{"href":"https:\/\/blogs.fu-berlin.de\/bibliotheken\/wp-json\/wp\/v2\/posts"}],"about":[{"href":"https:\/\/blogs.fu-berlin.de\/bibliotheken\/wp-json\/wp\/v2\/types\/post"}],"author":[{"embeddable":true,"href":"https:\/\/blogs.fu-berlin.de\/bibliotheken\/wp-json\/wp\/v2\/users\/293"}],"replies":[{"embeddable":true,"href":"https:\/\/blogs.fu-berlin.de\/bibliotheken\/wp-json\/wp\/v2\/comments?post=27721"}],"version-history":[{"count":3,"href":"https:\/\/blogs.fu-berlin.de\/bibliotheken\/wp-json\/wp\/v2\/posts\/27721\/revisions"}],"predecessor-version":[{"id":27724,"href":"https:\/\/blogs.fu-berlin.de\/bibliotheken\/wp-json\/wp\/v2\/posts\/27721\/revisions\/27724"}],"wp:featuredmedia":[{"embeddable":true,"href":"https:\/\/blogs.fu-berlin.de\/bibliotheken\/wp-json\/wp\/v2\/media\/27366"}],"wp:attachment":[{"href":"https:\/\/blogs.fu-berlin.de\/bibliotheken\/wp-json\/wp\/v2\/media?parent=27721"}],"wp:term":[{"taxonomy":"category","embeddable":true,"href":"https:\/\/blogs.fu-berlin.de\/bibliotheken\/wp-json\/wp\/v2\/categories?post=27721"},{"taxonomy":"post_tag","embeddable":true,"href":"https:\/\/blogs.fu-berlin.de\/bibliotheken\/wp-json\/wp\/v2\/tags?post=27721"}],"curies":[{"name":"wp","href":"https:\/\/api.w.org\/{rel}","templated":true}]}}