{"id":27729,"date":"2020-10-20T10:30:00","date_gmt":"2020-10-20T09:30:00","guid":{"rendered":"https:\/\/blogs.fu-berlin.de\/bibliotheken\/?p=27729"},"modified":"2021-09-07T14:40:11","modified_gmt":"2021-09-07T13:40:11","slug":"europaeische-kommission-legt-neues-asyl-und-migrationspaket-vor","status":"publish","type":"post","link":"https:\/\/blogs.fu-berlin.de\/bibliotheken\/2020\/10\/20\/europaeische-kommission-legt-neues-asyl-und-migrationspaket-vor\/","title":{"rendered":"Europ\u00e4ische Kommission legt neues Asyl- und Migrationspaket vor"},"content":{"rendered":"\n<p><em><span class=\"has-inline-color has-bright-red-color\">Der Betrieb des &#8222;Dokumentationszentrums UN &#8211; EU&#8220; wird eingestellt. Die entsprechende Literatur bleibt im Bestand und ist weiterhin zug\u00e4nglich.<\/span><\/em><\/p>\n\n\n\n<p>Auf der Grundlage einer ganzheitlichen Bewertung schl\u00e4gt die Europ\u00e4ische Kommission einen Neuanfang im Bereich Migration vor: Vertrauensbildung durch wirksamere Verfahren und Schaffung eines neuen Gleichgewichts zwischen Verantwortung<br>und Solidarit\u00e4t<\/p>\n\n\n\n<p>Eine gemeinsame L\u00f6sung f\u00fcr Europa \u2013 mit mehr Solidarit\u00e4t und Verantwortung muss her. Doch was genau sieht&nbsp;das&nbsp;neue <a href=\"https:\/\/ec.europa.eu\/info\/strategy\/priorities-2019-2024\/promoting-our-european-way-life\/new-pact-migration-and-asylum_de\">Asyl- und Migrationspaket<\/a>&nbsp;vor? Wie soll mit der steigenden Zahl migrierender und fl\u00fcchtender Menschen umgegangen werden? Wie kann die Zusammenarbeit mit Drittstaaten wirksamer werden? Wie kann solidarische Aufnahme und Integration von Gefl\u00fcchteten in Europa aussehen?<\/p>\n\n\n\n<p>Klare Verantwortlichkeiten durch bessere, modernisierte Verfahren, die Hauptaspekte des neuen Asyl- und Migrationspaket:<\/p>\n\n\n\n<ul class=\"wp-block-list\"><li><a href=\"https:\/\/ec.europa.eu\/info\/strategy\/priorities-2019-2024\/promoting-our-european-way-life\/new-pact-migration-and-asylum\/stronger-trust-fostered-better-and-more-effective-procedures_de\">St\u00e4rkung des Vertrauens durch bessere und wirksamere Verfahren<\/a><\/li><li><a href=\"https:\/\/ec.europa.eu\/info\/strategy\/priorities-2019-2024\/promoting-our-european-way-life\/new-pact-migration-and-asylum\/well-managed-schengen-and-external-borders_de\">Gut verwaltete Schengen- und Au\u00dfengrenzen<\/a><\/li><li><a href=\"https:\/\/ec.europa.eu\/info\/strategy\/priorities-2019-2024\/promoting-our-european-way-life\/new-pact-migration-and-asylum\/effective-solidarity_de\">Konsequente Solidarit\u00e4t<\/a><\/li><li><a href=\"https:\/\/ec.europa.eu\/info\/strategy\/priorities-2019-2024\/promoting-our-european-way-life\/new-pact-migration-and-asylum\/skills-and-talent_de\">Kompetenzen und Talente<\/a><\/li><li><a href=\"https:\/\/ec.europa.eu\/info\/strategy\/priorities-2019-2024\/promoting-our-european-way-life\/new-pact-migration-and-asylum\/acting-together-deepen-international-partnerships_de\">Engere Zusammenarbeit zur Vertiefung internationaler Partnerschaften<\/a><\/li><li><a href=\"https:\/\/ec.europa.eu\/info\/strategy\/priorities-2019-2024\/promoting-our-european-way-life\/new-pact-migration-and-asylum\/flexibility-and-resilience_de\">Flexibilit\u00e4t und Belastbarkeit<\/a><\/li><\/ul>\n\n\n\n<p>Noch mehr Informationen zur EU bekommen Sie in unserem <a href=\"https:\/\/www.ub.fu-berlin.de\/bibliothek\/uneu\/\">Dokumentationszentrum UN-EU<\/a>.<\/p>\n","protected":false},"excerpt":{"rendered":"<p>Der Betrieb des &#8222;Dokumentationszentrums UN &#8211; EU&#8220; wird eingestellt. Die entsprechende Literatur bleibt im Bestand und ist weiterhin zug\u00e4nglich. Auf der Grundlage einer ganzheitlichen Bewertung schl\u00e4gt die Europ\u00e4ische Kommission einen Neuanfang im Bereich Migration vor: Vertrauensbildung durch wirksamere Verfahren und Schaffung eines neuen Gleichgewichts zwischen Verantwortungund Solidarit\u00e4t Eine gemeinsame L\u00f6sung f\u00fcr Europa \u2013 mit mehr &hellip; <a href=\"https:\/\/blogs.fu-berlin.de\/bibliotheken\/2020\/10\/20\/europaeische-kommission-legt-neues-asyl-und-migrationspaket-vor\/\" class=\"more-link\"><span class=\"screen-reader-text\">\u201eEurop\u00e4ische Kommission legt neues Asyl- und Migrationspaket vor\u201c<\/span> weiterlesen<\/a><\/p>\n","protected":false},"author":2907,"featured_media":27732,"comment_status":"open","ping_status":"open","sticky":false,"template":"","format":"standard","meta":{"footnotes":""},"categories":[9],"tags":[318300,653,56945],"class_list":["post-27729","post","type-post","status-publish","format-standard","has-post-thumbnail","hentry","category-allgemein","tag-asyl-und-migrationspaket","tag-dokumentation","tag-europaeische-kommission"],"_links":{"self":[{"href":"https:\/\/blogs.fu-berlin.de\/bibliotheken\/wp-json\/wp\/v2\/posts\/27729","targetHints":{"allow":["GET"]}}],"collection":[{"href":"https:\/\/blogs.fu-berlin.de\/bibliotheken\/wp-json\/wp\/v2\/posts"}],"about":[{"href":"https:\/\/blogs.fu-berlin.de\/bibliotheken\/wp-json\/wp\/v2\/types\/post"}],"author":[{"embeddable":true,"href":"https:\/\/blogs.fu-berlin.de\/bibliotheken\/wp-json\/wp\/v2\/users\/2907"}],"replies":[{"embeddable":true,"href":"https:\/\/blogs.fu-berlin.de\/bibliotheken\/wp-json\/wp\/v2\/comments?post=27729"}],"version-history":[{"count":5,"href":"https:\/\/blogs.fu-berlin.de\/bibliotheken\/wp-json\/wp\/v2\/posts\/27729\/revisions"}],"predecessor-version":[{"id":29048,"href":"https:\/\/blogs.fu-berlin.de\/bibliotheken\/wp-json\/wp\/v2\/posts\/27729\/revisions\/29048"}],"wp:featuredmedia":[{"embeddable":true,"href":"https:\/\/blogs.fu-berlin.de\/bibliotheken\/wp-json\/wp\/v2\/media\/27732"}],"wp:attachment":[{"href":"https:\/\/blogs.fu-berlin.de\/bibliotheken\/wp-json\/wp\/v2\/media?parent=27729"}],"wp:term":[{"taxonomy":"category","embeddable":true,"href":"https:\/\/blogs.fu-berlin.de\/bibliotheken\/wp-json\/wp\/v2\/categories?post=27729"},{"taxonomy":"post_tag","embeddable":true,"href":"https:\/\/blogs.fu-berlin.de\/bibliotheken\/wp-json\/wp\/v2\/tags?post=27729"}],"curies":[{"name":"wp","href":"https:\/\/api.w.org\/{rel}","templated":true}]}}