{"id":27743,"date":"2020-10-09T16:54:43","date_gmt":"2020-10-09T15:54:43","guid":{"rendered":"https:\/\/blogs.fu-berlin.de\/bibliotheken\/?p=27743"},"modified":"2020-10-09T16:54:43","modified_gmt":"2020-10-09T15:54:43","slug":"datenbank-the-first-world-war-via-nationallizenz-verfuegbar","status":"publish","type":"post","link":"https:\/\/blogs.fu-berlin.de\/bibliotheken\/2020\/10\/09\/datenbank-the-first-world-war-via-nationallizenz-verfuegbar\/","title":{"rendered":"Datenbank &#8222;The First World War&#8220; via Nationallizenz verf\u00fcgbar"},"content":{"rendered":"\n<p>Ab sofort kann \u00fcber das FU-Campusnetz die Datenbank <a href=\"http:\/\/dbis.ur.de\/detail.php?titel_id=102540&amp;bib_id=fub\">The First World War<\/a> des Anbieters Adam Matthew genutzt werden.<\/p>\n\n\n\n<p>Das Online-Portal beinhaltet eine gro\u00dfe Anzahl an Prim\u00e4rquellen zum ersten Weltkrieg aus internationalen Archiven und Bibliotheken (u. a. The British Library, Cambridge University Library, Coventry History Center, Landesarchiv Baden-W\u00fcrttemberg, Imperial War Museum, The National Archives, W\u00fcrttembergische Landesbibliothek Stuttgart), erg\u00e4nzt um eine Reihe von weiteren Angeboten wie Zeitleisten, interaktivem Kartenmaterial, Fallstudien. Diese erlauben es, die digitalisierten Quellen in einen weiteren Kontext zu stellen. <\/p>\n\n\n\n<p>Aktuell sind vier Module verf\u00fcgbar:<\/p>\n\n\n\n<ul class=\"wp-block-list\"><li><em>Personal Experiences<\/em><br>Tageb\u00fccher, Briefe, Erlebnisberichte, Fotos, Postkarten, Feldzeitungen, pers\u00f6nliche Gegenst\u00e4nde<\/li><li><em>Propaganda and Recruitment<\/em><br>Regierungs- und Milit\u00e4rakten, Flugbl\u00e4tter, Fotografien, Ephemera, Propagandaposter<\/li><li><em>Visual Perspectives and Narratives<\/em><br>Offizielle und pers\u00f6nliche Fotografien, Manuskripte, seltene Drucksachen, Kriegskunst, Karikaturen, Objekte und Filme<\/li><li><em>A Global Conflict<\/em><br>Selbstzeugnisse, Nachl\u00e4sse und Aktenbest\u00e4nde zur Ausweitung des Konflikts auf verschiedenen Kontinenten<\/li><\/ul>\n\n\n\n<p>Die Inhalte lassen sich als PDF-Dateien herunterladen.<\/p>\n\n\n\n<p>Der deutschlandweite Zugriff wird mit F\u00f6rderung der Deutschen Forschungsgemeinschaft (DFG) vom <strong>Fachinformationsdienst (FID) Geschichtswissenschaft<\/strong> an der Bayerischen Staatsbibliothek M\u00fcnchen erm\u00f6glicht.<\/p>\n","protected":false},"excerpt":{"rendered":"<p>Ab sofort kann \u00fcber das FU-Campusnetz die Datenbank The First World War des Anbieters Adam Matthew genutzt werden. Das Online-Portal beinhaltet eine gro\u00dfe Anzahl an Prim\u00e4rquellen zum ersten Weltkrieg aus internationalen Archiven und Bibliotheken (u. a. The British Library, Cambridge University Library, Coventry History Center, Landesarchiv Baden-W\u00fcrttemberg, Imperial War Museum, The National Archives, W\u00fcrttembergische Landesbibliothek &hellip; <a href=\"https:\/\/blogs.fu-berlin.de\/bibliotheken\/2020\/10\/09\/datenbank-the-first-world-war-via-nationallizenz-verfuegbar\/\" class=\"more-link\"><span class=\"screen-reader-text\">\u201eDatenbank &#8222;The First World War&#8220; via Nationallizenz verf\u00fcgbar\u201c<\/span> weiterlesen<\/a><\/p>\n","protected":false},"author":293,"featured_media":27744,"comment_status":"open","ping_status":"open","sticky":false,"template":"","format":"standard","meta":{"footnotes":""},"categories":[457,584805],"tags":[12031,10025,318304,471,520],"class_list":["post-27743","post","type-post","status-publish","format-standard","has-post-thumbnail","hentry","category-digitale-bibliothek","category-was-ist-neu","tag-bilddatenbank","tag-erster-weltkrieg","tag-fid-geschichtswissenschaft","tag-geschichte","tag-volltexte"],"_links":{"self":[{"href":"https:\/\/blogs.fu-berlin.de\/bibliotheken\/wp-json\/wp\/v2\/posts\/27743","targetHints":{"allow":["GET"]}}],"collection":[{"href":"https:\/\/blogs.fu-berlin.de\/bibliotheken\/wp-json\/wp\/v2\/posts"}],"about":[{"href":"https:\/\/blogs.fu-berlin.de\/bibliotheken\/wp-json\/wp\/v2\/types\/post"}],"author":[{"embeddable":true,"href":"https:\/\/blogs.fu-berlin.de\/bibliotheken\/wp-json\/wp\/v2\/users\/293"}],"replies":[{"embeddable":true,"href":"https:\/\/blogs.fu-berlin.de\/bibliotheken\/wp-json\/wp\/v2\/comments?post=27743"}],"version-history":[{"count":2,"href":"https:\/\/blogs.fu-berlin.de\/bibliotheken\/wp-json\/wp\/v2\/posts\/27743\/revisions"}],"predecessor-version":[{"id":27746,"href":"https:\/\/blogs.fu-berlin.de\/bibliotheken\/wp-json\/wp\/v2\/posts\/27743\/revisions\/27746"}],"wp:featuredmedia":[{"embeddable":true,"href":"https:\/\/blogs.fu-berlin.de\/bibliotheken\/wp-json\/wp\/v2\/media\/27744"}],"wp:attachment":[{"href":"https:\/\/blogs.fu-berlin.de\/bibliotheken\/wp-json\/wp\/v2\/media?parent=27743"}],"wp:term":[{"taxonomy":"category","embeddable":true,"href":"https:\/\/blogs.fu-berlin.de\/bibliotheken\/wp-json\/wp\/v2\/categories?post=27743"},{"taxonomy":"post_tag","embeddable":true,"href":"https:\/\/blogs.fu-berlin.de\/bibliotheken\/wp-json\/wp\/v2\/tags?post=27743"}],"curies":[{"name":"wp","href":"https:\/\/api.w.org\/{rel}","templated":true}]}}