{"id":27799,"date":"2020-10-21T10:58:48","date_gmt":"2020-10-21T09:58:48","guid":{"rendered":"https:\/\/blogs.fu-berlin.de\/bibliotheken\/?p=27799"},"modified":"2021-09-07T14:39:15","modified_gmt":"2021-09-07T13:39:15","slug":"bewerbungsfrist-bis-25-10-2020-verlaengert-model-eu-online-the-eu27-the-future-of-europe-ws-2020-21","status":"publish","type":"post","link":"https:\/\/blogs.fu-berlin.de\/bibliotheken\/2020\/10\/21\/bewerbungsfrist-bis-25-10-2020-verlaengert-model-eu-online-the-eu27-the-future-of-europe-ws-2020-21\/","title":{"rendered":"Bewerbungsfrist bis 25.10.2020 verl\u00e4ngert: Model EU Online: The EU27 &#8211; The Future of Europe (WS 2020\/21)"},"content":{"rendered":"\n<p><em><span class=\"has-inline-color has-bright-red-color\">Der Betrieb des &#8222;Dokumentationszentrums UN &#8211; EU&#8220; wird eingestellt. Die entsprechende Literatur bleibt im Bestand und ist weiterhin zug\u00e4nglich.<\/span><\/em><\/p>\n\n\n\n<p>In&nbsp;Kooperation mit dem&nbsp;<a href=\"https:\/\/www.ub.fu-berlin.de\/bibliothek\/uneu\/\">Dokumentationszentrum Vereinte Nationen und Europ\u00e4ische Union<\/a>&nbsp;der&nbsp;FU Berlin:<\/p>\n\n\n\n<p>Das&nbsp;<a href=\"https:\/\/www.fu-berlin.de\/sites\/mun\/eu\/index.html\">Model European Union<\/a>&nbsp;l\u00e4dt Studierende dazu ein, im Wintersemester 2020\/2021,&nbsp;einen der Mitgliedstaaten der Europ\u00e4ischen Union, den Pr\u00e4sidenten des Europ\u00e4ischen Rates oder den Pr\u00e4sidenten der Kommission zu vertreten und an Online-Sitzungen des Europ\u00e4ischen Rates teilzunehmen, um sich mit Fragen im Zusammenhang mit der Zukunft der Europ\u00e4ischen Union zu befassen.<\/p>\n\n\n\n<p>Studierende aller Fakult\u00e4ten k\u00f6nnen sich um eine Teilnahme bewerben.&nbsp;Das Seminar besteht aus zwei Teilen mit w\u00f6chentlichen Sitzungen, die freitags von 14 bis 16 Uhr stattfinden. Der erste Teil enth\u00e4lt eine Einf\u00fchrung in die Europ\u00e4ische Union sowie spezifische Themen, die f\u00fcr die von den Teilnehmern vorbereitete Debatte relevant sind. Ab Januar wird der Europ\u00e4ische Rat in Online-Sitzungen zu den verschiedenen Themen zusammentreten.<\/p>\n\n\n\n<p>Die Teilnehmer vertreten die Position des jeweiligen Landes und pr\u00e4sentieren eines der unter &#8222;Topics of the Conference on the future of Europe&#8220; aufgef\u00fchrten Themen. Die Delegationen bestehen aus 1-2 Personen. Die Konferenzsprache ist Englisch.<\/p>\n\n\n\n<p>F\u00fcr das Seminar (Schl\u00fcsselqualifikationsschein, Rechtswissenschaftliche Fakult\u00e4t) k\u00f6nnen Credits (5 ECTS-Credits) vergeben werden.<\/p>\n\n\n\n<p><a href=\"https:\/\/www.fu-berlin.de\/sites\/mun\/news\/2020_10_19.html\">Topics of the Conference on the future of Europe<\/a><\/p>\n\n\n\n<p><a rel=\"noreferrer noopener\" href=\"https:\/\/www.fu-berlin.de\/sites\/mun\/medien\/general\/Schedule-EU27-WS-2020.pdf\" target=\"_blank\"><\/a><a rel=\"noreferrer noopener\" href=\"https:\/\/www.fu-berlin.de\/sites\/mun\/medien\/general\/Schedule-EU27-WS-2020.pdf\" target=\"_blank\">Schedule of the Conference on the Future of Europe<\/a><\/p>\n\n\n\n<p>Die Bewerbung sollte enthalten:<\/p>\n\n\n\n<ul class=\"wp-block-list\"><li>Pers\u00f6nliche Angaben (Name, Telefonnummer, Mail-Adresse, Studienfach, Studierenden ID)<\/li><li>Letter of motivation<\/li><li>3&nbsp;Pr\u00e4ferenzen&nbsp;(EU-Members, European Council President or EC-President)<\/li><li>2&nbsp;m\u00f6gliche Themen (siehe unter Topics of the Conference on the future of Europe)<\/li><\/ul>\n\n\n\n<p>Ihre Bewerbung senden Sie ausschlie\u00dflich per Mail bis zum <strong>25. Oktober 2020<\/strong> an Dr. Peggy Wittke:&nbsp;<a href=\"mailto:peg@zedat.fu-berlin.de\">peg@zedat.fu-berlin.de<\/a><\/p>\n\n\n\n<p>Noch mehr Informationen zur UN bekommen Sie in unserem <a href=\"https:\/\/www.ub.fu-berlin.de\/bibliothek\/uneu\/\">Dokumentationszentrum UN-EU<\/a>.<\/p>\n","protected":false},"excerpt":{"rendered":"<p>Der Betrieb des &#8222;Dokumentationszentrums UN &#8211; EU&#8220; wird eingestellt. Die entsprechende Literatur bleibt im Bestand und ist weiterhin zug\u00e4nglich. In&nbsp;Kooperation mit dem&nbsp;Dokumentationszentrum Vereinte Nationen und Europ\u00e4ische Union&nbsp;der&nbsp;FU Berlin: Das&nbsp;Model European Union&nbsp;l\u00e4dt Studierende dazu ein, im Wintersemester 2020\/2021,&nbsp;einen der Mitgliedstaaten der Europ\u00e4ischen Union, den Pr\u00e4sidenten des Europ\u00e4ischen Rates oder den Pr\u00e4sidenten der Kommission zu vertreten und &hellip; <a href=\"https:\/\/blogs.fu-berlin.de\/bibliotheken\/2020\/10\/21\/bewerbungsfrist-bis-25-10-2020-verlaengert-model-eu-online-the-eu27-the-future-of-europe-ws-2020-21\/\" class=\"more-link\"><span class=\"screen-reader-text\">\u201eBewerbungsfrist bis 25.10.2020 verl\u00e4ngert: Model EU Online: The EU27 &#8211; The Future of Europe (WS 2020\/21)\u201c<\/span> weiterlesen<\/a><\/p>\n","protected":false},"author":2907,"featured_media":0,"comment_status":"open","ping_status":"open","sticky":false,"template":"","format":"standard","meta":{"footnotes":""},"categories":[9,70],"tags":[2458,218499,318318],"class_list":["post-27799","post","type-post","status-publish","format-standard","hentry","category-allgemein","category-veranstaltungen","tag-dokumentationszentrum-un-eu","tag-model-european-union","tag-the-eu27"],"_links":{"self":[{"href":"https:\/\/blogs.fu-berlin.de\/bibliotheken\/wp-json\/wp\/v2\/posts\/27799","targetHints":{"allow":["GET"]}}],"collection":[{"href":"https:\/\/blogs.fu-berlin.de\/bibliotheken\/wp-json\/wp\/v2\/posts"}],"about":[{"href":"https:\/\/blogs.fu-berlin.de\/bibliotheken\/wp-json\/wp\/v2\/types\/post"}],"author":[{"embeddable":true,"href":"https:\/\/blogs.fu-berlin.de\/bibliotheken\/wp-json\/wp\/v2\/users\/2907"}],"replies":[{"embeddable":true,"href":"https:\/\/blogs.fu-berlin.de\/bibliotheken\/wp-json\/wp\/v2\/comments?post=27799"}],"version-history":[{"count":4,"href":"https:\/\/blogs.fu-berlin.de\/bibliotheken\/wp-json\/wp\/v2\/posts\/27799\/revisions"}],"predecessor-version":[{"id":29042,"href":"https:\/\/blogs.fu-berlin.de\/bibliotheken\/wp-json\/wp\/v2\/posts\/27799\/revisions\/29042"}],"wp:attachment":[{"href":"https:\/\/blogs.fu-berlin.de\/bibliotheken\/wp-json\/wp\/v2\/media?parent=27799"}],"wp:term":[{"taxonomy":"category","embeddable":true,"href":"https:\/\/blogs.fu-berlin.de\/bibliotheken\/wp-json\/wp\/v2\/categories?post=27799"},{"taxonomy":"post_tag","embeddable":true,"href":"https:\/\/blogs.fu-berlin.de\/bibliotheken\/wp-json\/wp\/v2\/tags?post=27799"}],"curies":[{"name":"wp","href":"https:\/\/api.w.org\/{rel}","templated":true}]}}