{"id":27804,"date":"2020-10-21T15:30:37","date_gmt":"2020-10-21T14:30:37","guid":{"rendered":"https:\/\/blogs.fu-berlin.de\/bibliotheken\/?p=27804"},"modified":"2021-09-16T13:21:46","modified_gmt":"2021-09-16T12:21:46","slug":"the-peace-we-want-workshop-on-peace-and-justice","status":"publish","type":"post","link":"https:\/\/blogs.fu-berlin.de\/bibliotheken\/2020\/10\/21\/the-peace-we-want-workshop-on-peace-and-justice\/","title":{"rendered":"The Peace We Want &#8211; Workshop on Peace and Justice"},"content":{"rendered":"\n<p><em><span class=\"has-inline-color has-bright-red-color\">Der Betrieb des \u201eDokumentationszentrums UN \u2013 EU\u201c wird eingestellt. Die entsprechende Literatur bleibt im Bestand und ist weiterhin zug\u00e4nglich.<\/span><\/em><\/p>\n\n\n\n<p>Anl\u00e4sslich des 75-j\u00e4hrigen Jubil\u00e4um der&nbsp;Vereinten Nationen l\u00e4dt die Deutsche Gesellschaft f\u00fcr die Vereinten Nationen (DGVN) am 22.10.2020, von 16:30 bis 17:45 Uhr, zu einem interaktiven Online-Workshop&nbsp;der sich dem Themen&nbsp;Frieden und Gerechtigkeit und den M\u00f6glichkeiten der Vereinten Nationen, auf Ungerechtigkeiten zu reagieren und Frieden zu sichern, widmet.<\/p>\n\n\n\n<p>Wie k\u00f6nnen die Vereinten Nationen und andere Akteure das Wissen um Menschenrechtsverletzungen besser nutzen, um Konflikte zu l\u00f6sen, bevor sie eskalieren? Wie l\u00e4sst sich Gerechtigkeit nach einem Konflikt (wieder-) herstellen, um den Weg f\u00fcr einen nachhaltigen Frieden zu ebnen?<\/p>\n\n\n\n<p><strong>Programm<\/strong><\/p>\n\n\n\n<p>16:30 Offenes Forum<\/p>\n\n\n\n<ul class=\"wp-block-list\"><li>Begr\u00fc\u00dfung durch Winfried Nachtwei, Vorstandsmitglied der DGVN<\/li><li>Einf\u00fchrung in das Thema und interaktiver Austausch mit Beitr\u00e4gen aus dem Publikum und verschiedenen Mitmach-Aktionen (<em>Moderation<\/em>&nbsp;Lisa Heemann)<\/li><\/ul>\n\n\n\n<p>17:00 Fokusdiskussion<\/p>\n\n\n\n<ul class=\"wp-block-list\"><li>Wolfgang Heinrich, Berater Friedensarbeit, Konflikttransformation und politische Analyse<\/li><li>Lisa Reefke, UN-Mitarbeiterin mit Erfahrung in UN-Missionen von S\u00fcdsudan bis Afghanistan (tbc)<\/li><li>Winfried Nachtwei, MdB a.D. und DGVN-Vorstandsmitglied<\/li><li><em>Rapporteurin<\/em>: Lize Myburgh, UNA of South Africa<\/li><\/ul>\n\n\n\n<p>17:30&nbsp;Abschluss und Ausblick mit&nbsp;Lize Myburgh, UNA of South Africa<\/p>\n\n\n\n<p><strong><u><br><\/u><\/strong>Anmeldungen sind \u00fcber das&nbsp;<a href=\"https:\/\/dgvn.de\/aktivitaeten\/20-10-22-peace-and-justice-workshop\/\">Onlineformular&nbsp;<\/a>m\u00f6glich.&nbsp;Teilnehmerinnen und Teilnehmer k\u00f6nnen sich au\u00dferdem beim Offenen Forum mit Wortbeitr\u00e4gen zum Thema &#8222;Frieden und Gerechtigkeit\u201d (Wo stehen wir? Was muss passieren? Worauf m\u00fcssen wir bei der Pr\u00e4vention achten? Welche M\u00f6glichkeiten haben die Vereinten Nationen Gerechtigkeit zu f\u00f6rdern?) einbringen. Daf\u00fcr bitte im Anmeldeformular die Rubrik \u201cMein Statement\/Meine Idee\u201d auszuf\u00fcllen und Ihre Ideen stichwortartig skizzieren.<\/p>\n\n\n\n<p>Nach der Registrierung werden allen angemeldeten Teilnehmerinnen und Teilnehmern die ZOOM-Einwahldaten per E-Mail \u00fcbermittelt. Bitte sehen Sie gegebenenfalls auch im Spam-Ordner nach. Die Veranstaltung findet in deutscher und englischer Sprache statt und wird gedolmetscht.<\/p>\n\n\n\n<p>Noch mehr Informationen zur UN bekommen Sie in unserem&nbsp;<a href=\"https:\/\/www.ub.fu-berlin.de\/bibliothek\/uneu\/\">Dokumentationszentrum UN-EU<\/a>.<\/p>\n","protected":false},"excerpt":{"rendered":"<p>Der Betrieb des \u201eDokumentationszentrums UN \u2013 EU\u201c wird eingestellt. Die entsprechende Literatur bleibt im Bestand und ist weiterhin zug\u00e4nglich. Anl\u00e4sslich des 75-j\u00e4hrigen Jubil\u00e4um der&nbsp;Vereinten Nationen l\u00e4dt die Deutsche Gesellschaft f\u00fcr die Vereinten Nationen (DGVN) am 22.10.2020, von 16:30 bis 17:45 Uhr, zu einem interaktiven Online-Workshop&nbsp;der sich dem Themen&nbsp;Frieden und Gerechtigkeit und den M\u00f6glichkeiten der Vereinten &hellip; <a href=\"https:\/\/blogs.fu-berlin.de\/bibliotheken\/2020\/10\/21\/the-peace-we-want-workshop-on-peace-and-justice\/\" class=\"more-link\"><span class=\"screen-reader-text\">\u201eThe Peace We Want &#8211; Workshop on Peace and Justice\u201c<\/span> weiterlesen<\/a><\/p>\n","protected":false},"author":2907,"featured_media":0,"comment_status":"open","ping_status":"open","sticky":false,"template":"","format":"standard","meta":{"footnotes":""},"categories":[9,70],"tags":[318260,57510,2458,318319],"class_list":["post-27804","post","type-post","status-publish","format-standard","hentry","category-allgemein","category-veranstaltungen","tag-75-jahre-vereinte-nationen","tag-dgvn","tag-dokumentationszentrum-un-eu","tag-peace-and-justice"],"_links":{"self":[{"href":"https:\/\/blogs.fu-berlin.de\/bibliotheken\/wp-json\/wp\/v2\/posts\/27804","targetHints":{"allow":["GET"]}}],"collection":[{"href":"https:\/\/blogs.fu-berlin.de\/bibliotheken\/wp-json\/wp\/v2\/posts"}],"about":[{"href":"https:\/\/blogs.fu-berlin.de\/bibliotheken\/wp-json\/wp\/v2\/types\/post"}],"author":[{"embeddable":true,"href":"https:\/\/blogs.fu-berlin.de\/bibliotheken\/wp-json\/wp\/v2\/users\/2907"}],"replies":[{"embeddable":true,"href":"https:\/\/blogs.fu-berlin.de\/bibliotheken\/wp-json\/wp\/v2\/comments?post=27804"}],"version-history":[{"count":5,"href":"https:\/\/blogs.fu-berlin.de\/bibliotheken\/wp-json\/wp\/v2\/posts\/27804\/revisions"}],"predecessor-version":[{"id":29597,"href":"https:\/\/blogs.fu-berlin.de\/bibliotheken\/wp-json\/wp\/v2\/posts\/27804\/revisions\/29597"}],"wp:attachment":[{"href":"https:\/\/blogs.fu-berlin.de\/bibliotheken\/wp-json\/wp\/v2\/media?parent=27804"}],"wp:term":[{"taxonomy":"category","embeddable":true,"href":"https:\/\/blogs.fu-berlin.de\/bibliotheken\/wp-json\/wp\/v2\/categories?post=27804"},{"taxonomy":"post_tag","embeddable":true,"href":"https:\/\/blogs.fu-berlin.de\/bibliotheken\/wp-json\/wp\/v2\/tags?post=27804"}],"curies":[{"name":"wp","href":"https:\/\/api.w.org\/{rel}","templated":true}]}}