{"id":27822,"date":"2020-10-28T12:00:00","date_gmt":"2020-10-28T11:00:00","guid":{"rendered":"https:\/\/blogs.fu-berlin.de\/bibliotheken\/?p=27822"},"modified":"2021-09-07T14:37:00","modified_gmt":"2021-09-07T13:37:00","slug":"the-peace-we-want-abschlussveranstaltung","status":"publish","type":"post","link":"https:\/\/blogs.fu-berlin.de\/bibliotheken\/2020\/10\/28\/the-peace-we-want-abschlussveranstaltung\/","title":{"rendered":"The Peace We Want \u2013 Abschlussveranstaltung"},"content":{"rendered":"\n<p><em><span class=\"has-inline-color has-bright-red-color\">Der Betrieb des &#8222;Dokumentationszentrums UN &#8211; EU&#8220; wird eingestellt. Die entsprechende Literatur bleibt im Bestand und ist weiterhin zug\u00e4nglich.<\/span><\/em><\/p>\n\n\n\n<p>Im Rahmen der Serie \u201cThe Peace We Want\u201c der Deutschen Gesellschaft f\u00fcr die Vereinten Nationen (DGVN) werden&nbsp;<strong>Aleksandra Dier<\/strong>&nbsp;und&nbsp;<strong>Staffan de Mistura<\/strong>&nbsp;mit den Rapporteurinnen und Rapporteure der vier thematischen Workshops (neue Akteure, Digitalisierung, Klimawandel, Gerechtigkeit) zu den Themen: Wie tr\u00e4gt Digitalisierung zu einer friedlichen Welt bei, wie h\u00e4ngen Frieden und Klimawandel zusammen, welche Rolle spielt Gerechtigkeit f\u00fcr Frieden und was k\u00f6nnen neue Akteure in den Vereinten Nationen beitragen?, diskutieren.<\/p>\n\n\n\n<p>Der Online-Workshop findet am&nbsp;<strong>30. Oktober 2020<\/strong>&nbsp;von&nbsp;<strong>15:15 bis 16:30 Uhr<\/strong>&nbsp;statt &#8211; diskutieren Sie mit.<\/p>\n\n\n\n<p><strong>Programm<\/strong><\/p>\n\n\n\n<p>15:15 Uhr Offenes Forum<\/p>\n\n\n\n<ul class=\"wp-block-list\"><li>Begr\u00fc\u00dfung durch die DGVN<\/li><li>Interviews mit den Rapporteurinnen und Rapporteuren<\/li><\/ul>\n\n\n\n<p>15:50 Uhr Diskussion und W\u00fcrdigung der Ergebnisse<\/p>\n\n\n\n<ul class=\"wp-block-list\"><li><strong>Aleksandra Dier<\/strong>, Counter-terrorism and Gender expert at the UN Security Council Counter-Terrorism Executive Directorate (CTED), New York, und<\/li><li><strong>Staffan de Mistura<\/strong>, former Under Secretary-General and UN Special Envoy to Iraq, Afghanistan, Syria<\/li><\/ul>\n\n\n\n<p>16:30 Uhr Abschluss und Ausblick<\/p>\n\n\n\n<p>Moderation: Jens Fischer<\/p>\n\n\n\n<p>Anmeldungen sind \u00fcber das&nbsp;<a href=\"https:\/\/dgvn.de\/aktivitaeten\/20-10-30-the-peace-we-want-the-road-ahead-after-four-workshops\/\">Onlineformular<\/a>&nbsp;m\u00f6glich.&nbsp;<\/p>\n\n\n\n<p>Alle registrierten Teilnehmerinnen und Teilnehmer erhalten nach der Anmeldung die Einwahldaten f\u00fcr ZOOM per E-Mail. Bitte werfen Sie auch einen Blick in Ihren Spam-Ordner.<\/p>\n\n\n\n<p>Noch mehr Informationen zur UN bekommen Sie in unserem&nbsp;<a href=\"https:\/\/www.ub.fu-berlin.de\/bibliothek\/uneu\/\">Dokumentationszentrum UN-EU<\/a>.<\/p>\n","protected":false},"excerpt":{"rendered":"<p>Der Betrieb des &#8222;Dokumentationszentrums UN &#8211; EU&#8220; wird eingestellt. Die entsprechende Literatur bleibt im Bestand und ist weiterhin zug\u00e4nglich. Im Rahmen der Serie \u201cThe Peace We Want\u201c der Deutschen Gesellschaft f\u00fcr die Vereinten Nationen (DGVN) werden&nbsp;Aleksandra Dier&nbsp;und&nbsp;Staffan de Mistura&nbsp;mit den Rapporteurinnen und Rapporteure der vier thematischen Workshops (neue Akteure, Digitalisierung, Klimawandel, Gerechtigkeit) zu den Themen: &hellip; <a href=\"https:\/\/blogs.fu-berlin.de\/bibliotheken\/2020\/10\/28\/the-peace-we-want-abschlussveranstaltung\/\" class=\"more-link\"><span class=\"screen-reader-text\">\u201eThe Peace We Want \u2013 Abschlussveranstaltung\u201c<\/span> weiterlesen<\/a><\/p>\n","protected":false},"author":2907,"featured_media":0,"comment_status":"open","ping_status":"open","sticky":false,"template":"","format":"standard","meta":{"footnotes":""},"categories":[9,70],"tags":[57510,2458,318321,12086],"class_list":["post-27822","post","type-post","status-publish","format-standard","hentry","category-allgemein","category-veranstaltungen","tag-dgvn","tag-dokumentationszentrum-un-eu","tag-the-peace-we-want","tag-vereinte-nationen"],"_links":{"self":[{"href":"https:\/\/blogs.fu-berlin.de\/bibliotheken\/wp-json\/wp\/v2\/posts\/27822","targetHints":{"allow":["GET"]}}],"collection":[{"href":"https:\/\/blogs.fu-berlin.de\/bibliotheken\/wp-json\/wp\/v2\/posts"}],"about":[{"href":"https:\/\/blogs.fu-berlin.de\/bibliotheken\/wp-json\/wp\/v2\/types\/post"}],"author":[{"embeddable":true,"href":"https:\/\/blogs.fu-berlin.de\/bibliotheken\/wp-json\/wp\/v2\/users\/2907"}],"replies":[{"embeddable":true,"href":"https:\/\/blogs.fu-berlin.de\/bibliotheken\/wp-json\/wp\/v2\/comments?post=27822"}],"version-history":[{"count":6,"href":"https:\/\/blogs.fu-berlin.de\/bibliotheken\/wp-json\/wp\/v2\/posts\/27822\/revisions"}],"predecessor-version":[{"id":29038,"href":"https:\/\/blogs.fu-berlin.de\/bibliotheken\/wp-json\/wp\/v2\/posts\/27822\/revisions\/29038"}],"wp:attachment":[{"href":"https:\/\/blogs.fu-berlin.de\/bibliotheken\/wp-json\/wp\/v2\/media?parent=27822"}],"wp:term":[{"taxonomy":"category","embeddable":true,"href":"https:\/\/blogs.fu-berlin.de\/bibliotheken\/wp-json\/wp\/v2\/categories?post=27822"},{"taxonomy":"post_tag","embeddable":true,"href":"https:\/\/blogs.fu-berlin.de\/bibliotheken\/wp-json\/wp\/v2\/tags?post=27822"}],"curies":[{"name":"wp","href":"https:\/\/api.w.org\/{rel}","templated":true}]}}