{"id":27863,"date":"2020-11-02T15:56:38","date_gmt":"2020-11-02T14:56:38","guid":{"rendered":"https:\/\/blogs.fu-berlin.de\/bibliotheken\/?p=27863"},"modified":"2020-11-03T17:49:31","modified_gmt":"2020-11-03T16:49:31","slug":"fu-bibliotheken-auch-im-november-geoeffnet","status":"publish","type":"post","link":"https:\/\/blogs.fu-berlin.de\/bibliotheken\/2020\/11\/02\/fu-bibliotheken-auch-im-november-geoeffnet\/","title":{"rendered":"FU-Bibliotheken bleiben im November ge\u00f6ffnet"},"content":{"rendered":"\n<p>Im November 2020 ist eine aktualisierte <a href=\"https:\/\/www.berlin.de\/corona\/massnahmen\/verordnung\/\">SARS-CoV-2-Infektionsschutzverordnung<\/a> in Kraft getreten, um die Pandemie besser eind\u00e4mmen zu k\u00f6nnen. Zusammen mit allen Berliner Hochschulen bleibt die Freie Universit\u00e4t bis auf Weiteres in Stufe 2 des Berliner Stufenplans (vgl. <a href=\"https:\/\/www.fu-berlin.de\/sites\/coronavirus\/news-start\/news\/2020-10-30.html\">aktuelle Coronahinweise<\/a>). <\/p>\n\n\n\n<p>Gem\u00e4\u00df den g\u00fcltigen Abstands- und Hyigienevorschriften bleiben die Bibliotheken f\u00fcr die Ausleihe und die Arbeit vor Ort f\u00fcr Universit\u00e4tsmitglieder weiterhin ge\u00f6ffnet, zum Teil auch f\u00fcr externe Nutzerinnen und Nutzer. Auch die in einigen Bibliotheken bereitsgestellten PC-Arbeitspl\u00e4tze k\u00f6nnen weiterhin vorrreserviert und genutzt werden. Zum Semesterstart haben auch einige Bibliotheken ihre \u00d6ffnungszeiten verl\u00e4ngert. Zur \u00dcbersicht:<\/p>\n\n\n\n<ul class=\"wp-block-list\"><li><a href=\"https:\/\/www.fu-berlin.de\/sites\/ub\/ueber-uns\/news\/Wiederoeffnung-der-Ausleihe.html\">Ausleihen von B\u00fcchern<\/a><\/li><li><a href=\"https:\/\/www.fu-berlin.de\/sites\/bibliotheken\/news\/Arbeitsplatz-Bibliothek.html\">Arbeitspl\u00e4tze<\/a> (vorab zu reservieren)<\/li><li><a href=\"https:\/\/www.fu-berlin.de\/sites\/ub\/ueber-uns\/news\/corona.html\">Services der Bibiotheken<\/a> (Allgemeine \u00dcbersicht)<\/li><li><a href=\"https:\/\/www.fu-berlin.de\/sites\/bibliotheken\/bibliothekenfuehrer\/index.html\">FU-Bibliothekenf\u00fchrer<\/a><\/li><\/ul>\n\n\n\n<p>Lehrveranstaltungen werden im Wintersemester 2020\/21 in der Regel digital durchgef\u00fchrt. Das bedeutet, dass auch die bisher wenigen als Pr\u00e4senzkurs ausgewiesenen Lernangebot der Universit\u00e4tsbibliothek  durchweg als Webinare angeboten werden. Auf unserer <a href=\"https:\/\/www.fu-berlin.de\/sites\/ub\/ueber-uns\/termine\/index.html\">Website<\/a> bzw. im <a href=\"https:\/\/www.fu-berlin.de\/vv\/de\/fach?id=400000&amp;sm=580670\">Vorlesungsverzeichnis<\/a> (s. &#8222;Lernangebote und Erwerb von Informationskompetenz&#8220;) haben wir entsprechende \u00c4nderungen vorgenommen.<\/p>\n\n\n\n<p>Auch wenn sich die Voraussetzungen in dieser schwierigen Zeit stark ver\u00e4ndert haben, w\u00fcnschen wir dennoch allen einen guten Start in das Wintersemester und hei\u00dfen vor allem die &#8222;Erstis&#8220; herzlich an der Freien Universit\u00e4t Berlin und in den Bibliotheken willkommen! Damit Sie sich im Hochschulalltag besser zurechtfinden, steht u. a. ein <a href=\"https:\/\/www.osa.fu-berlin.de\/studieneinstieg\/ankommen\/start\/index.html\">Online-Studieneinstiegs-Assistent<\/a> parat.<\/p>\n","protected":false},"excerpt":{"rendered":"<p>Im November 2020 ist eine aktualisierte SARS-CoV-2-Infektionsschutzverordnung in Kraft getreten, um die Pandemie besser eind\u00e4mmen zu k\u00f6nnen. Zusammen mit allen Berliner Hochschulen bleibt die Freie Universit\u00e4t bis auf Weiteres in Stufe 2 des Berliner Stufenplans (vgl. aktuelle Coronahinweise). Gem\u00e4\u00df den g\u00fcltigen Abstands- und Hyigienevorschriften bleiben die Bibliotheken f\u00fcr die Ausleihe und die Arbeit vor Ort &hellip; <a href=\"https:\/\/blogs.fu-berlin.de\/bibliotheken\/2020\/11\/02\/fu-bibliotheken-auch-im-november-geoeffnet\/\" class=\"more-link\"><span class=\"screen-reader-text\">\u201eFU-Bibliotheken bleiben im November ge\u00f6ffnet\u201c<\/span> weiterlesen<\/a><\/p>\n","protected":false},"author":293,"featured_media":27867,"comment_status":"open","ping_status":"open","sticky":false,"template":"","format":"standard","meta":{"footnotes":""},"categories":[9,600,601],"tags":[1946,237818,318227,364800,641,83441],"class_list":["post-27863","post","type-post","status-publish","format-standard","has-post-thumbnail","hentry","category-allgemein","category-fachbibliotheken","category-universitatsbibliothek","tag-ausleihe","tag-covid-19","tag-einzelarbeitsplaetze","tag-november-lockdown","tag-offnungszeiten","tag-semesterstart"],"_links":{"self":[{"href":"https:\/\/blogs.fu-berlin.de\/bibliotheken\/wp-json\/wp\/v2\/posts\/27863","targetHints":{"allow":["GET"]}}],"collection":[{"href":"https:\/\/blogs.fu-berlin.de\/bibliotheken\/wp-json\/wp\/v2\/posts"}],"about":[{"href":"https:\/\/blogs.fu-berlin.de\/bibliotheken\/wp-json\/wp\/v2\/types\/post"}],"author":[{"embeddable":true,"href":"https:\/\/blogs.fu-berlin.de\/bibliotheken\/wp-json\/wp\/v2\/users\/293"}],"replies":[{"embeddable":true,"href":"https:\/\/blogs.fu-berlin.de\/bibliotheken\/wp-json\/wp\/v2\/comments?post=27863"}],"version-history":[{"count":8,"href":"https:\/\/blogs.fu-berlin.de\/bibliotheken\/wp-json\/wp\/v2\/posts\/27863\/revisions"}],"predecessor-version":[{"id":27880,"href":"https:\/\/blogs.fu-berlin.de\/bibliotheken\/wp-json\/wp\/v2\/posts\/27863\/revisions\/27880"}],"wp:featuredmedia":[{"embeddable":true,"href":"https:\/\/blogs.fu-berlin.de\/bibliotheken\/wp-json\/wp\/v2\/media\/27867"}],"wp:attachment":[{"href":"https:\/\/blogs.fu-berlin.de\/bibliotheken\/wp-json\/wp\/v2\/media?parent=27863"}],"wp:term":[{"taxonomy":"category","embeddable":true,"href":"https:\/\/blogs.fu-berlin.de\/bibliotheken\/wp-json\/wp\/v2\/categories?post=27863"},{"taxonomy":"post_tag","embeddable":true,"href":"https:\/\/blogs.fu-berlin.de\/bibliotheken\/wp-json\/wp\/v2\/tags?post=27863"}],"curies":[{"name":"wp","href":"https:\/\/api.w.org\/{rel}","templated":true}]}}