{"id":27881,"date":"2020-11-04T11:53:05","date_gmt":"2020-11-04T10:53:05","guid":{"rendered":"https:\/\/blogs.fu-berlin.de\/bibliotheken\/?p=27881"},"modified":"2020-11-05T16:42:22","modified_gmt":"2020-11-05T15:42:22","slug":"neu-im-november-laengere-oeffnungszeiten-mehr-arbeitsplaetze","status":"publish","type":"post","link":"https:\/\/blogs.fu-berlin.de\/bibliotheken\/2020\/11\/04\/neu-im-november-laengere-oeffnungszeiten-mehr-arbeitsplaetze\/","title":{"rendered":"Neu im November: L\u00e4ngere \u00d6ffnungszeiten, mehr Arbeitspl\u00e4tze"},"content":{"rendered":"\n<p>Am Montag hatten wir schon <a href=\"https:\/\/blogs.fu-berlin.de\/bibliotheken\/2020\/11\/02\/fu-bibliotheken-auch-im-november-geoeffnet\/\">in einem Blogbeitrag<\/a> dar\u00fcber berichtet, dass die FU-Bibliotheken im November ge\u00f6ffnet bleiben. Einige H\u00e4user verl\u00e4ngern die \u00d6ffnungszeiten zum Start ins Wintersemester, andere starten mit einem Angebot an vorab reservierbaren Einzelarbeitspl\u00e4tzen f\u00fcr Universit\u00e4tsmitglieder. Die Neurungen im Detail:<\/p>\n\n\n\n<p class=\"has-text-align-center\"><strong>Verl\u00e4ngerte \u00d6ffnungszeiten ab November 2020<\/strong><\/p>\n\n\n\n<figure class=\"wp-block-table\"><table><tbody><tr><td><strong>Bibliothek<\/strong><\/td><td><strong>Neue \u00d6ffnungszeiten<\/strong><\/td><\/tr><tr><td><a href=\"https:\/\/www.fu-berlin.de\/sites\/ub\">Universit\u00e4tsbibliothek<\/a><\/td><td>Mo-Fr 10-18 Uhr<\/td><\/tr><tr><td><a href=\"https:\/\/www.bgbm.org\/de\/wissenschaft\/bibliothek-am-bgbm\">Botanischer Garten\/Botanisches Museum<\/a> (BGBM)<\/td><td>Mo-Fr 10-18 Uhr<\/td><\/tr><tr><td><a href=\"https:\/\/www.geschkult.fu-berlin.de\/e\/fmi\/bibliothek\/\">Geschichte\/Kunstgeschichte <\/a><br>(FMI \/ KHI)<\/td><td>Mo-Fr 10-16 Uhr<\/td><\/tr><tr><td><a href=\"https:\/\/www.polsoz.fu-berlin.de\/bibliothek\/index.html\">Sozialwissenschaften\/Osteuropastudien<\/a><br>(Lesesaal, Ihnestr. 21)<\/td><td>Mo-Fr 10-18 Uhr<\/td><\/tr><tr><td><a href=\"https:\/\/www.wiwiss.fu-berlin.de\/bibliothek\/index.html\">Wirtschaftswissenschaft<\/a><\/td><td>Leihstelle: Mo-Fr 10-16 Uhr <br>Lesesaal: Mo-Fr 10-18 Uhr<\/td><\/tr><\/tbody><\/table><figcaption><a href=\"https:\/\/www.fu-berlin.de\/sites\/ub\/ueber-uns\/news\/Wiederoeffnung-der-Ausleihe.html\">Zur Gesamt\u00fcbersicht der ge\u00f6ffneten FU-Bibliotheken<\/a><\/figcaption><\/figure>\n\n\n\n<p class=\"has-text-align-center\"><strong>Neue, buchbare Einzelarbeitspl\u00e4tze f\u00fcr FU-Angeh\u00f6rige ab November 2020<\/strong><\/p>\n\n\n\n<figure class=\"wp-block-table\"><table><tbody><tr><td><strong>Bibliothek<\/strong><\/td><td class=\"has-text-align-center\" data-align=\"center\"><strong>Pl\u00e4tze<\/strong><\/td><td><strong>Weblinks<\/strong><\/td><\/tr><tr><td><a href=\"https:\/\/www.jfki.fu-berlin.de\/library\/index.html\">JFKI-Bibliothek<\/a><\/td><td class=\"has-text-align-center\" data-align=\"center\">23<br>(inkl. PC-Arbeitspl\u00e4tze)<\/td><td><a rel=\"noreferrer noopener\" target=\"_blank\" href=\"https:\/\/www.jfki.fu-berlin.de\/library\/_frontpage\/workplace_reservation.html\">Info<\/a> \/ <a rel=\"noreferrer noopener\" target=\"_blank\" href=\"https:\/\/raumbuchung.ub.fu-berlin.de\/jfki\/index.php\">Buchung<\/a><\/td><\/tr><tr><td><a href=\"https:\/\/www.geisteswissenschaften.fu-berlin.de\/we07\/institut\/bibliothek\/index.html\">Theaterwissenschaft<\/a><\/td><td class=\"has-text-align-center\" data-align=\"center\">29<\/td><td><a rel=\"noreferrer noopener\" target=\"_blank\" href=\"https:\/\/www.geisteswissenschaften.fu-berlin.de\/we07\/institut\/bibliothek\/index.html\">Info<\/a> \/ <a rel=\"noreferrer noopener\" target=\"_blank\" href=\"https:\/\/raumbuchung.ub.fu-berlin.de\/thewi\/index.php\">Buchung<\/a><\/td><\/tr><tr><td><a href=\"https:\/\/www.vetmed.fu-berlin.de\/bibliothek\/index.html\">Veterin\u00e4rmedizin<\/a><\/td><td class=\"has-text-align-center\" data-align=\"center\">18<\/td><td><a rel=\"noreferrer noopener\" target=\"_blank\" href=\"https:\/\/www.vetmed.fu-berlin.de\/bibliothek\/ueber_uns\/leseplaetze\/index.html\">Info<\/a> \/ <a rel=\"noreferrer noopener\" target=\"_blank\" href=\"https:\/\/bib.vetmed.fu-berlin.de\/platzreservierung\/platz\/1\/\">Buchung<\/a><\/td><\/tr><\/tbody><\/table><figcaption><a href=\"https:\/\/www.fu-berlin.de\/sites\/bibliotheken\/news\/Arbeitsplatz-Bibliothek.html\">Zur Gesamt\u00fcbersicht an buchbaren Arbeitspl\u00e4tzen<\/a><\/figcaption><\/figure>\n\n\n\n<p><\/p>\n","protected":false},"excerpt":{"rendered":"<p>Am Montag hatten wir schon in einem Blogbeitrag dar\u00fcber berichtet, dass die FU-Bibliotheken im November ge\u00f6ffnet bleiben. Einige H\u00e4user verl\u00e4ngern die \u00d6ffnungszeiten zum Start ins Wintersemester, andere starten mit einem Angebot an vorab reservierbaren Einzelarbeitspl\u00e4tzen f\u00fcr Universit\u00e4tsmitglieder. Die Neurungen im Detail: Verl\u00e4ngerte \u00d6ffnungszeiten ab November 2020 Bibliothek Neue \u00d6ffnungszeiten Universit\u00e4tsbibliothek Mo-Fr 10-18 Uhr Botanischer Garten\/Botanisches &hellip; <a href=\"https:\/\/blogs.fu-berlin.de\/bibliotheken\/2020\/11\/04\/neu-im-november-laengere-oeffnungszeiten-mehr-arbeitsplaetze\/\" class=\"more-link\"><span class=\"screen-reader-text\">\u201eNeu im November: L\u00e4ngere \u00d6ffnungszeiten, mehr Arbeitspl\u00e4tze\u201c<\/span> weiterlesen<\/a><\/p>\n","protected":false},"author":293,"featured_media":27885,"comment_status":"open","ping_status":"open","sticky":false,"template":"","format":"standard","meta":{"footnotes":""},"categories":[9,600,601],"tags":[364803,237818,641,364804],"class_list":["post-27881","post","type-post","status-publish","format-standard","has-post-thumbnail","hentry","category-allgemein","category-fachbibliotheken","category-universitatsbibliothek","tag-arbeitsplaetze","tag-covid-19","tag-offnungszeiten","tag-wintersemester-2020-21"],"_links":{"self":[{"href":"https:\/\/blogs.fu-berlin.de\/bibliotheken\/wp-json\/wp\/v2\/posts\/27881","targetHints":{"allow":["GET"]}}],"collection":[{"href":"https:\/\/blogs.fu-berlin.de\/bibliotheken\/wp-json\/wp\/v2\/posts"}],"about":[{"href":"https:\/\/blogs.fu-berlin.de\/bibliotheken\/wp-json\/wp\/v2\/types\/post"}],"author":[{"embeddable":true,"href":"https:\/\/blogs.fu-berlin.de\/bibliotheken\/wp-json\/wp\/v2\/users\/293"}],"replies":[{"embeddable":true,"href":"https:\/\/blogs.fu-berlin.de\/bibliotheken\/wp-json\/wp\/v2\/comments?post=27881"}],"version-history":[{"count":5,"href":"https:\/\/blogs.fu-berlin.de\/bibliotheken\/wp-json\/wp\/v2\/posts\/27881\/revisions"}],"predecessor-version":[{"id":27901,"href":"https:\/\/blogs.fu-berlin.de\/bibliotheken\/wp-json\/wp\/v2\/posts\/27881\/revisions\/27901"}],"wp:featuredmedia":[{"embeddable":true,"href":"https:\/\/blogs.fu-berlin.de\/bibliotheken\/wp-json\/wp\/v2\/media\/27885"}],"wp:attachment":[{"href":"https:\/\/blogs.fu-berlin.de\/bibliotheken\/wp-json\/wp\/v2\/media?parent=27881"}],"wp:term":[{"taxonomy":"category","embeddable":true,"href":"https:\/\/blogs.fu-berlin.de\/bibliotheken\/wp-json\/wp\/v2\/categories?post=27881"},{"taxonomy":"post_tag","embeddable":true,"href":"https:\/\/blogs.fu-berlin.de\/bibliotheken\/wp-json\/wp\/v2\/tags?post=27881"}],"curies":[{"name":"wp","href":"https:\/\/api.w.org\/{rel}","templated":true}]}}