{"id":27913,"date":"2020-11-11T11:11:00","date_gmt":"2020-11-11T10:11:00","guid":{"rendered":"https:\/\/blogs.fu-berlin.de\/bibliotheken\/?p=27913"},"modified":"2021-09-17T13:07:44","modified_gmt":"2021-09-17T12:07:44","slug":"standard-eurobarometer-93-sommer-2020-befragung-juli-august-2020","status":"publish","type":"post","link":"https:\/\/blogs.fu-berlin.de\/bibliotheken\/2020\/11\/11\/standard-eurobarometer-93-sommer-2020-befragung-juli-august-2020\/","title":{"rendered":"Standard-Eurobarometer 93 \u2013 Sommer 2020 &#8211; Befragung Juli \u2013 August 2020"},"content":{"rendered":"\n<p><em><span class=\"has-inline-color has-bright-red-color\">Der Betrieb des \u201eDokumentationszentrums UN \u2013 EU\u201c wird eingestellt. Die entsprechende Literatur bleibt im Bestand und ist weiterhin zug\u00e4nglich.<\/span><\/em><\/p>\n\n\n\n<p>Das sogenannte <a href=\"https:\/\/ec.europa.eu\/commfrontoffice\/publicopinion\/index.cfm\">Standard-Eurobarometer<\/a> wurde 1974 eingef\u00fchrt. Im Auftrag der Europ\u00e4ischen Kommission oder anderer EU-Institutionen werden thematische Befragungen in den Mitgliedl\u00e4nder durchgef\u00fchrt. F\u00fcr die Umfragen werden ca. 1000 Interviews pro Land gef\u00fchrt. Die daraus resultierenden Berichte werden zweimal j\u00e4hrlich ver\u00f6ffentlicht.<\/p>\n\n\n\n<p>Neben dem Standard-Eurobarometer gibt es noch weitere Reports:&nbsp;<\/p>\n\n\n\n<ul class=\"wp-block-list\"><li>Special Eurobarometer Reports&nbsp;in denen, beauftragt von verschiedenen EU-Institutionen, diverse Themen vertieft betrachtet werden.&nbsp;<\/li><li>Flash-Eurobarometer sind ad hoc-Telefoninterviews auf Anfrage einer EU-Institution. Sie sind meist Zielgruppenorientiert und f\u00fchren zu schnellen Ergebnissen.&nbsp;<\/li><li>Qualitativen Studien untersuchen eingehend die Motivationen, Gef\u00fchle und Reaktionen ausgew\u00e4hlter sozialer Gruppen auf ein bestimmtes Thema oder Konzept, indem sie die Art und Weise der Diskussionsf\u00fchrung oder Interviews analysieren.<\/li><\/ul>\n\n\n\n<p>Soeben erschienen ist das <a href=\"https:\/\/ec.europa.eu\/commfrontoffice\/publicopinion\/index.cfm\/survey\/getsurveydetail\/instruments\/standard\/surveyky\/2262\">Standard-Eurobarometer 93<\/a> \u2013 Sommer 2020 (first Results) &#8211; Befragung Juli \u2013 August 2020.<\/p>\n\n\n\n<p>Themen sind unter anderem: Die Europ\u00e4er und die Politischen Institutionen \u2013 nationale Regierungen und Parlamente sowie die Europ\u00e4ische Union, das Gef\u00fchl B\u00fcrger der Europ\u00e4ischen Union zu sein, dringlichste Sorgen der B\u00fcrger der EU auf europ\u00e4ischer und nationaler Ebene, der Europ\u00e4ische Green Deal und die derzeitige nationale wirtschaftliche Lage.<\/p>\n","protected":false},"excerpt":{"rendered":"<p>Der Betrieb des \u201eDokumentationszentrums UN \u2013 EU\u201c wird eingestellt. Die entsprechende Literatur bleibt im Bestand und ist weiterhin zug\u00e4nglich. Das sogenannte Standard-Eurobarometer wurde 1974 eingef\u00fchrt. Im Auftrag der Europ\u00e4ischen Kommission oder anderer EU-Institutionen werden thematische Befragungen in den Mitgliedl\u00e4nder durchgef\u00fchrt. F\u00fcr die Umfragen werden ca. 1000 Interviews pro Land gef\u00fchrt. Die daraus resultierenden Berichte werden &hellip; <a href=\"https:\/\/blogs.fu-berlin.de\/bibliotheken\/2020\/11\/11\/standard-eurobarometer-93-sommer-2020-befragung-juli-august-2020\/\" class=\"more-link\"><span class=\"screen-reader-text\">\u201eStandard-Eurobarometer 93 \u2013 Sommer 2020 &#8211; Befragung Juli \u2013 August 2020\u201c<\/span> weiterlesen<\/a><\/p>\n","protected":false},"author":2907,"featured_media":0,"comment_status":"open","ping_status":"open","sticky":false,"template":"","format":"standard","meta":{"footnotes":""},"categories":[9],"tags":[2458,187984,1977],"class_list":["post-27913","post","type-post","status-publish","format-standard","hentry","category-allgemein","tag-dokumentationszentrum-un-eu","tag-eurobarometer","tag-europaische-union"],"_links":{"self":[{"href":"https:\/\/blogs.fu-berlin.de\/bibliotheken\/wp-json\/wp\/v2\/posts\/27913","targetHints":{"allow":["GET"]}}],"collection":[{"href":"https:\/\/blogs.fu-berlin.de\/bibliotheken\/wp-json\/wp\/v2\/posts"}],"about":[{"href":"https:\/\/blogs.fu-berlin.de\/bibliotheken\/wp-json\/wp\/v2\/types\/post"}],"author":[{"embeddable":true,"href":"https:\/\/blogs.fu-berlin.de\/bibliotheken\/wp-json\/wp\/v2\/users\/2907"}],"replies":[{"embeddable":true,"href":"https:\/\/blogs.fu-berlin.de\/bibliotheken\/wp-json\/wp\/v2\/comments?post=27913"}],"version-history":[{"count":6,"href":"https:\/\/blogs.fu-berlin.de\/bibliotheken\/wp-json\/wp\/v2\/posts\/27913\/revisions"}],"predecessor-version":[{"id":29755,"href":"https:\/\/blogs.fu-berlin.de\/bibliotheken\/wp-json\/wp\/v2\/posts\/27913\/revisions\/29755"}],"wp:attachment":[{"href":"https:\/\/blogs.fu-berlin.de\/bibliotheken\/wp-json\/wp\/v2\/media?parent=27913"}],"wp:term":[{"taxonomy":"category","embeddable":true,"href":"https:\/\/blogs.fu-berlin.de\/bibliotheken\/wp-json\/wp\/v2\/categories?post=27913"},{"taxonomy":"post_tag","embeddable":true,"href":"https:\/\/blogs.fu-berlin.de\/bibliotheken\/wp-json\/wp\/v2\/tags?post=27913"}],"curies":[{"name":"wp","href":"https:\/\/api.w.org\/{rel}","templated":true}]}}