{"id":27919,"date":"2020-11-11T12:53:20","date_gmt":"2020-11-11T11:53:20","guid":{"rendered":"https:\/\/blogs.fu-berlin.de\/bibliotheken\/?p=27919"},"modified":"2020-11-11T13:03:36","modified_gmt":"2020-11-11T12:03:36","slug":"neues-youtube-video-zur-bibliotheksbenutzung-unter-pandemiebedingungen","status":"publish","type":"post","link":"https:\/\/blogs.fu-berlin.de\/bibliotheken\/2020\/11\/11\/neues-youtube-video-zur-bibliotheksbenutzung-unter-pandemiebedingungen\/","title":{"rendered":"Neues YouTube-Video zur Bibliotheksbenutzung unter Pandemiebedingungen"},"content":{"rendered":"\n<p>Seit Anfang November ist <a href=\"https:\/\/youtu.be\/XjpZigrFbaE\">ein neues Video<\/a> auf dem YouTube-Kanal der <a href=\"https:\/\/www.fu-berlin.de\/sites\/ub\/index.html\">Universit\u00e4tsbibliothek<\/a> abrufbar (nur echt mit Mund-Nasen-Schutz \ud83d\ude09 ). Es beschreibt in gut f\u00fcnfeinhalb Minuten die aktuell geltenden Benutzungsbedingungen f\u00fcr die UB. Dabei werden die Ausleihe und R\u00fcckgabe von Medien, die Benutzung der Arbeitspl\u00e4tze und die au\u00dferdem angebotenen Services beschrieben. Au\u00dferdem wird ein Eindruck der R\u00e4umlichkeiten mit den allseits gegenw\u00e4rtigen bunten Absperrb\u00e4ndern und Pfeilen vermittelt.<\/p>\n\n\n\n<p>Neben den Services vor Ort bietet die Universit\u00e4tsbibliothek seit Ende Oktober wieder Webinare mittels der Software <a href=\"https:\/\/www.cedis.fu-berlin.de\/online-lehren-lernen\/tools\/cisco-webex-meeting.html\">Cisco Webex<\/a> an. Neben FU-Mitgliedern sind zu diesen virtuellen Kursen nat\u00fcrlich auch externe Nutzerinnen und Nutzer willkommen. Auf der <a href=\"https:\/\/www.fu-berlin.de\/sites\/ub\/ueber-uns\/termine\/index.html\">UB-Website<\/a> bzw. im <a href=\"https:\/\/www.fu-berlin.de\/vv\/de\/fach?id=400000&amp;sm=580670\">Vorlesungsverzeichnis<\/a> (s. \u201eLernangebote und Erwerb von Informationskompetenz\u201c) erhalten Sie einen \u00dcberblick \u00fcber die Vielzahl an Themen (u. a. Primo-Tipps, Presse &amp; Fake-News, Literaturverwaltung). F\u00fcr diesen Freitag, den 13., sind noch &#8222;<a href=\"https:\/\/www.fu-berlin.de\/sites\/ub\/lernangebote\/literaturrecherche\/primo\/PM_formular_einfuehrung\/index.html\">virtuelle Pl\u00e4tze<\/a>&#8220; f\u00fcr das Webinar <em>Recherchieren im Bibliotheksportal Primo<\/em> (15-16 Uhr) frei.<\/p>\n\n\n\n<p>Auch lassen sich Lernangebote zum wissenschaftlichen Arbeiten und Einf\u00fchrungsseminare <a href=\"https:\/\/www.fu-berlin.de\/sites\/ub\/lernangebote\/literaturrecherche_lv\/index.html\">individuell in Lehrveranstaltungen integrieren<\/a>. Sprechen oder mailen Sie uns einfach an!<\/p>\n","protected":false},"excerpt":{"rendered":"<p>Seit Anfang November ist ein neues Video auf dem YouTube-Kanal der Universit\u00e4tsbibliothek abrufbar (nur echt mit Mund-Nasen-Schutz \ud83d\ude09 ). Es beschreibt in gut f\u00fcnfeinhalb Minuten die aktuell geltenden Benutzungsbedingungen f\u00fcr die UB. Dabei werden die Ausleihe und R\u00fcckgabe von Medien, die Benutzung der Arbeitspl\u00e4tze und die au\u00dferdem angebotenen Services beschrieben. Au\u00dferdem wird ein Eindruck der &hellip; <a href=\"https:\/\/blogs.fu-berlin.de\/bibliotheken\/2020\/11\/11\/neues-youtube-video-zur-bibliotheksbenutzung-unter-pandemiebedingungen\/\" class=\"more-link\"><span class=\"screen-reader-text\">\u201eNeues YouTube-Video zur Bibliotheksbenutzung unter Pandemiebedingungen\u201c<\/span> weiterlesen<\/a><\/p>\n","protected":false},"author":293,"featured_media":27925,"comment_status":"open","ping_status":"open","sticky":false,"template":"","format":"standard","meta":{"footnotes":""},"categories":[9,601],"tags":[364803,1946,9983,237818],"class_list":["post-27919","post","type-post","status-publish","format-standard","has-post-thumbnail","hentry","category-allgemein","category-universitatsbibliothek","tag-arbeitsplaetze","tag-ausleihe","tag-bibliothekseinfuhrung","tag-covid-19"],"_links":{"self":[{"href":"https:\/\/blogs.fu-berlin.de\/bibliotheken\/wp-json\/wp\/v2\/posts\/27919","targetHints":{"allow":["GET"]}}],"collection":[{"href":"https:\/\/blogs.fu-berlin.de\/bibliotheken\/wp-json\/wp\/v2\/posts"}],"about":[{"href":"https:\/\/blogs.fu-berlin.de\/bibliotheken\/wp-json\/wp\/v2\/types\/post"}],"author":[{"embeddable":true,"href":"https:\/\/blogs.fu-berlin.de\/bibliotheken\/wp-json\/wp\/v2\/users\/293"}],"replies":[{"embeddable":true,"href":"https:\/\/blogs.fu-berlin.de\/bibliotheken\/wp-json\/wp\/v2\/comments?post=27919"}],"version-history":[{"count":8,"href":"https:\/\/blogs.fu-berlin.de\/bibliotheken\/wp-json\/wp\/v2\/posts\/27919\/revisions"}],"predecessor-version":[{"id":27929,"href":"https:\/\/blogs.fu-berlin.de\/bibliotheken\/wp-json\/wp\/v2\/posts\/27919\/revisions\/27929"}],"wp:featuredmedia":[{"embeddable":true,"href":"https:\/\/blogs.fu-berlin.de\/bibliotheken\/wp-json\/wp\/v2\/media\/27925"}],"wp:attachment":[{"href":"https:\/\/blogs.fu-berlin.de\/bibliotheken\/wp-json\/wp\/v2\/media?parent=27919"}],"wp:term":[{"taxonomy":"category","embeddable":true,"href":"https:\/\/blogs.fu-berlin.de\/bibliotheken\/wp-json\/wp\/v2\/categories?post=27919"},{"taxonomy":"post_tag","embeddable":true,"href":"https:\/\/blogs.fu-berlin.de\/bibliotheken\/wp-json\/wp\/v2\/tags?post=27919"}],"curies":[{"name":"wp","href":"https:\/\/api.w.org\/{rel}","templated":true}]}}